{"id":15058,"date":"2024-11-18T16:31:54","date_gmt":"2024-11-18T15:31:54","guid":{"rendered":"https:\/\/www.semlex.com\/2024\/11\/18\/don-de-materiel-informatique-au-lycee-de-tengrela\/"},"modified":"2025-07-18T16:53:52","modified_gmt":"2025-07-18T14:53:52","slug":"don-de-materiel-informatique-au-lycee-de-tengrela","status":"publish","type":"post","link":"https:\/\/www.semlex.com\/pt-pt\/2024\/11\/18\/don-de-materiel-informatique-au-lycee-de-tengrela\/","title":{"rendered":"Doa\u00e7\u00e3o de Equipamentos de TI ao Liceu de Tengr\u00e9la"},"content":{"rendered":"\n<p>No \u00e2mbito do seu programa de apoio \u00e0 educa\u00e7\u00e3o tecnol\u00f3gica na Costa do Marfim, a Semlex Costa do Marfim, em colabora\u00e7\u00e3o com a associa\u00e7\u00e3o Semlex For Education, realizou uma doa\u00e7\u00e3o de equipamentos educativos ao liceu moderno de Tengr\u00e9la, localizado no norte da Costa do Marfim, procurando desta forma\u00a0promover o acesso \u00e0s Tecnologias da Informa\u00e7\u00e3o e Comunica\u00e7\u00e3o (TIC). Esta doa\u00e7\u00e3o, entregue no dia 9 de novembro de 2024, que incluiu computadores, no-breaks, r\u00e9guas de energia, blocos de notas e impressoras, teve como\u00a0objetivo atender \u00e0s\u00a0necessidades educativas dos jovens da regi\u00e3o.<\/p>\n\n\n\n<p>Durante a cerim\u00f3nia de entrega, o Diretor Administrativo e Financeiro da Semlex Costa do Marfim, representando o Diretor-Geral, destacou a import\u00e2ncia desta iniciativa para os alunos de Tengr\u00e9la, onde o acesso a equipamentos de Tecnologias da Informa\u00e7\u00e3o (TI) ainda \u00e9 limitado. \u201cSabemos que, durante os concursos, os alunos nem sempre t\u00eam acesso a equipamentos de inform\u00e1tica. Muitos deles fazem aulas te\u00f3ricas sem nunca manusear um computador. Com estes equipamentos, esperamos que possam aprofundar os seus conhecimentos e melhorar a sua forma\u00e7\u00e3o\u201d, afirmou, sublinhando que este acesso pr\u00e1tico representa um grande diferencial no percurso educacional dos jovens.<\/p>\n\n\n\n<p>O diretor do liceu, Kon\u00e9 N\u2019Gounourou Cl\u00e9ment, expressou a sua profunda gratid\u00e3o por esta doa\u00e7\u00e3o, que considera essencial para melhorar o desempenho dos alunos e prepar\u00e1-los para as exig\u00eancias do mundo moderno. \u201cEste apoio chega no momento certo para nos ajudar a formar cidad\u00e3os esclarecidos, capazes de contribuir ativamente para o desenvolvimento da nossa na\u00e7\u00e3o\u201d, acrescentou, observando que o acesso \u00e0s TIC \u00e9 um fator-chave para afastar os jovens de atividades prejudiciais e oferecer-lhes perspetivas positivas.<\/p>\n\n\n\n<p>Mais uma vez neste ano, esta nova a\u00e7\u00e3o de Responsabilidade Social Empresarial\u00a0(RSE) permitir\u00e1 que as crian\u00e7as da regi\u00e3o saheliana da Costa do Marfim tenham acesso a ferramentas adequadas aos desafios do futuro.<\/p>\n","protected":false},"excerpt":{"rendered":"<p>No \u00e2mbito do seu programa de apoio \u00e0 educa\u00e7\u00e3o tecnol\u00f3gica na Costa do Marfim, a Semlex Costa do Marfim, em colabora\u00e7\u00e3o com a associa\u00e7\u00e3o Semlex For Education, realizou uma doa\u00e7\u00e3o de equipamentos educativos ao liceu moderno de Tengr\u00e9la, localizado no norte da Costa do Marfim, procurando desta forma\u00a0promover o acesso \u00e0s Tecnologias da Informa\u00e7\u00e3o e [&hellip;]<\/p>\n","protected":false},"author":3,"featured_media":15054,"comment_status":"closed","ping_status":"open","sticky":false,"template":"","format":"standard","meta":{"_acf_changed":false,"footnotes":""},"categories":[4],"tags":[],"class_list":["post-15058","post","type-post","status-publish","format-standard","has-post-thumbnail","hentry","category-sem-categoria"],"acf":[],"yoast_head":"<!-- This site is optimized with the Yoast SEO plugin v25.5 - https:\/\/yoast.com\/wordpress\/plugins\/seo\/ -->\n<title>Doa\u00e7\u00e3o de Equipamentos de TI ao Liceu de Tengr\u00e9la - Semlex<\/title>\n<meta name=\"description\" content=\"No \u00e2mbito do seu programa de apoio \u00e0 educa\u00e7\u00e3o tecnol\u00f3gica na Costa do Marfim, a Semlex Costa do Marfim, em colabora\u00e7\u00e3o com a associa\u00e7\u00e3o Semlex For Education, realizou uma doa\u00e7\u00e3o de equipamentos educativos ao liceu moderno de Tengr\u00e9la.\" \/>\n<meta name=\"robots\" content=\"index, follow, max-snippet:-1, max-image-preview:large, max-video-preview:-1\" \/>\n<link rel=\"canonical\" href=\"https:\/\/www.semlex.com\/pt-pt\/2024\/11\/18\/don-de-materiel-informatique-au-lycee-de-tengrela\/\" \/>\n<meta property=\"og:locale\" content=\"pt_PT\" \/>\n<meta property=\"og:type\" content=\"article\" \/>\n<meta property=\"og:title\" content=\"Doa\u00e7\u00e3o de Equipamentos de TI ao Liceu de Tengr\u00e9la - Semlex\" \/>\n<meta property=\"og:description\" content=\"No \u00e2mbito do seu programa de apoio \u00e0 educa\u00e7\u00e3o tecnol\u00f3gica na Costa do Marfim, a Semlex Costa do Marfim, em colabora\u00e7\u00e3o com a associa\u00e7\u00e3o Semlex For Education, realizou uma doa\u00e7\u00e3o de equipamentos educativos ao liceu moderno de Tengr\u00e9la.\" \/>\n<meta property=\"og:url\" content=\"https:\/\/www.semlex.com\/pt-pt\/2024\/11\/18\/don-de-materiel-informatique-au-lycee-de-tengrela\/\" \/>\n<meta property=\"og:site_name\" content=\"Semlex\" \/>\n<meta property=\"article:publisher\" content=\"https:\/\/www.facebook.com\/semlexgroup\" \/>\n<meta property=\"article:published_time\" content=\"2024-11-18T15:31:54+00:00\" \/>\n<meta property=\"article:modified_time\" content=\"2025-07-18T14:53:52+00:00\" \/>\n<meta property=\"og:image\" content=\"https:\/\/www.semlex.com\/wp-content\/uploads\/2024\/11\/semlex-for-education-cote-d-ivoire-rotated.jpg\" \/>\n\t<meta property=\"og:image:width\" content=\"960\" \/>\n\t<meta property=\"og:image:height\" content=\"540\" \/>\n\t<meta property=\"og:image:type\" content=\"image\/jpeg\" \/>\n<meta name=\"author\" content=\"Celine gomes\" \/>\n<meta name=\"twitter:card\" content=\"summary_large_image\" \/>\n<meta name=\"twitter:label1\" content=\"Escrito por\" \/>\n\t<meta name=\"twitter:data1\" content=\"Celine gomes\" \/>\n\t<meta name=\"twitter:label2\" content=\"Tempo estimado de leitura\" \/>\n\t<meta name=\"twitter:data2\" content=\"2 minutos\" \/>\n<script type=\"application\/ld+json\" class=\"yoast-schema-graph\">{\"@context\":\"https:\/\/schema.org\",\"@graph\":[{\"@type\":\"Article\",\"@id\":\"https:\/\/www.semlex.com\/pt-pt\/2024\/11\/18\/don-de-materiel-informatique-au-lycee-de-tengrela\/#article\",\"isPartOf\":{\"@id\":\"https:\/\/www.semlex.com\/pt-pt\/2024\/11\/18\/don-de-materiel-informatique-au-lycee-de-tengrela\/\"},\"author\":{\"name\":\"Celine gomes\",\"@id\":\"https:\/\/www.semlex.com\/#\/schema\/person\/aa147ec84ea1317159ed8eed8c4aea71\"},\"headline\":\"Doa\u00e7\u00e3o de Equipamentos de TI ao Liceu de Tengr\u00e9la\",\"datePublished\":\"2024-11-18T15:31:54+00:00\",\"dateModified\":\"2025-07-18T14:53:52+00:00\",\"mainEntityOfPage\":{\"@id\":\"https:\/\/www.semlex.com\/pt-pt\/2024\/11\/18\/don-de-materiel-informatique-au-lycee-de-tengrela\/\"},\"wordCount\":333,\"publisher\":{\"@id\":\"https:\/\/www.semlex.com\/#organization\"},\"image\":{\"@id\":\"https:\/\/www.semlex.com\/pt-pt\/2024\/11\/18\/don-de-materiel-informatique-au-lycee-de-tengrela\/#primaryimage\"},\"thumbnailUrl\":\"https:\/\/www.semlex.com\/wp-content\/uploads\/2024\/11\/semlex-for-education-cote-d-ivoire-rotated.jpg\",\"inLanguage\":\"pt-PT\"},{\"@type\":\"WebPage\",\"@id\":\"https:\/\/www.semlex.com\/pt-pt\/2024\/11\/18\/don-de-materiel-informatique-au-lycee-de-tengrela\/\",\"url\":\"https:\/\/www.semlex.com\/pt-pt\/2024\/11\/18\/don-de-materiel-informatique-au-lycee-de-tengrela\/\",\"name\":\"Doa\u00e7\u00e3o de Equipamentos de TI ao Liceu de Tengr\u00e9la - Semlex\",\"isPartOf\":{\"@id\":\"https:\/\/www.semlex.com\/#website\"},\"primaryImageOfPage\":{\"@id\":\"https:\/\/www.semlex.com\/pt-pt\/2024\/11\/18\/don-de-materiel-informatique-au-lycee-de-tengrela\/#primaryimage\"},\"image\":{\"@id\":\"https:\/\/www.semlex.com\/pt-pt\/2024\/11\/18\/don-de-materiel-informatique-au-lycee-de-tengrela\/#primaryimage\"},\"thumbnailUrl\":\"https:\/\/www.semlex.com\/wp-content\/uploads\/2024\/11\/semlex-for-education-cote-d-ivoire-rotated.jpg\",\"datePublished\":\"2024-11-18T15:31:54+00:00\",\"dateModified\":\"2025-07-18T14:53:52+00:00\",\"description\":\"No \u00e2mbito do seu programa de apoio \u00e0 educa\u00e7\u00e3o tecnol\u00f3gica na Costa do Marfim, a Semlex Costa do Marfim, em colabora\u00e7\u00e3o com a associa\u00e7\u00e3o Semlex For Education, realizou uma doa\u00e7\u00e3o de equipamentos educativos ao liceu moderno de Tengr\u00e9la.\",\"breadcrumb\":{\"@id\":\"https:\/\/www.semlex.com\/pt-pt\/2024\/11\/18\/don-de-materiel-informatique-au-lycee-de-tengrela\/#breadcrumb\"},\"inLanguage\":\"pt-PT\",\"potentialAction\":[{\"@type\":\"ReadAction\",\"target\":[\"https:\/\/www.semlex.com\/pt-pt\/2024\/11\/18\/don-de-materiel-informatique-au-lycee-de-tengrela\/\"]}]},{\"@type\":\"ImageObject\",\"inLanguage\":\"pt-PT\",\"@id\":\"https:\/\/www.semlex.com\/pt-pt\/2024\/11\/18\/don-de-materiel-informatique-au-lycee-de-tengrela\/#primaryimage\",\"url\":\"https:\/\/www.semlex.com\/wp-content\/uploads\/2024\/11\/semlex-for-education-cote-d-ivoire-rotated.jpg\",\"contentUrl\":\"https:\/\/www.semlex.com\/wp-content\/uploads\/2024\/11\/semlex-for-education-cote-d-ivoire-rotated.jpg\",\"width\":960,\"height\":540},{\"@type\":\"BreadcrumbList\",\"@id\":\"https:\/\/www.semlex.com\/pt-pt\/2024\/11\/18\/don-de-materiel-informatique-au-lycee-de-tengrela\/#breadcrumb\",\"itemListElement\":[{\"@type\":\"ListItem\",\"position\":1,\"name\":\"Home\",\"item\":\"https:\/\/www.semlex.com\/pt-pt\/\"},{\"@type\":\"ListItem\",\"position\":2,\"name\":\"Doa\u00e7\u00e3o de Equipamentos de TI ao Liceu de Tengr\u00e9la\"}]},{\"@type\":\"WebSite\",\"@id\":\"https:\/\/www.semlex.com\/#website\",\"url\":\"https:\/\/www.semlex.com\/\",\"name\":\"Semlex\",\"description\":\"For a secure world\",\"publisher\":{\"@id\":\"https:\/\/www.semlex.com\/#organization\"},\"potentialAction\":[{\"@type\":\"SearchAction\",\"target\":{\"@type\":\"EntryPoint\",\"urlTemplate\":\"https:\/\/www.semlex.com\/?s={search_term_string}\"},\"query-input\":{\"@type\":\"PropertyValueSpecification\",\"valueRequired\":true,\"valueName\":\"search_term_string\"}}],\"inLanguage\":\"pt-PT\"},{\"@type\":\"Organization\",\"@id\":\"https:\/\/www.semlex.com\/#organization\",\"name\":\"Semlex\",\"url\":\"https:\/\/www.semlex.com\/\",\"logo\":{\"@type\":\"ImageObject\",\"inLanguage\":\"pt-PT\",\"@id\":\"https:\/\/www.semlex.com\/#\/schema\/logo\/image\/\",\"url\":\"https:\/\/www.semlex.com\/wp-content\/uploads\/2022\/12\/logo_semlex.svg\",\"contentUrl\":\"https:\/\/www.semlex.com\/wp-content\/uploads\/2022\/12\/logo_semlex.svg\",\"caption\":\"Semlex\"},\"image\":{\"@id\":\"https:\/\/www.semlex.com\/#\/schema\/logo\/image\/\"},\"sameAs\":[\"https:\/\/www.facebook.com\/semlexgroup\"]},{\"@type\":\"Person\",\"@id\":\"https:\/\/www.semlex.com\/#\/schema\/person\/aa147ec84ea1317159ed8eed8c4aea71\",\"name\":\"Celine gomes\",\"image\":{\"@type\":\"ImageObject\",\"inLanguage\":\"pt-PT\",\"@id\":\"https:\/\/www.semlex.com\/#\/schema\/person\/image\/\",\"url\":\"https:\/\/secure.gravatar.com\/avatar\/e53ef5ca3abb15d8cc8e238877c76a94a34e1dca1a8bde08bc1088f71d7553f0?s=96&d=mm&r=g\",\"contentUrl\":\"https:\/\/secure.gravatar.com\/avatar\/e53ef5ca3abb15d8cc8e238877c76a94a34e1dca1a8bde08bc1088f71d7553f0?s=96&d=mm&r=g\",\"caption\":\"Celine gomes\"},\"url\":\"https:\/\/www.semlex.com\/pt-pt\/author\/c-gomes\/\"}]}<\/script>\n<!-- \/ Yoast SEO plugin. -->","yoast_head_json":{"title":"Doa\u00e7\u00e3o de Equipamentos de TI ao Liceu de Tengr\u00e9la - Semlex","description":"No \u00e2mbito do seu programa de apoio \u00e0 educa\u00e7\u00e3o tecnol\u00f3gica na Costa do Marfim, a Semlex Costa do Marfim, em colabora\u00e7\u00e3o com a associa\u00e7\u00e3o Semlex For Education, realizou uma doa\u00e7\u00e3o de equipamentos educativos ao liceu moderno de Tengr\u00e9la.","robots":{"index":"index","follow":"follow","max-snippet":"max-snippet:-1","max-image-preview":"max-image-preview:large","max-video-preview":"max-video-preview:-1"},"canonical":"https:\/\/www.semlex.com\/pt-pt\/2024\/11\/18\/don-de-materiel-informatique-au-lycee-de-tengrela\/","og_locale":"pt_PT","og_type":"article","og_title":"Doa\u00e7\u00e3o de Equipamentos de TI ao Liceu de Tengr\u00e9la - Semlex","og_description":"No \u00e2mbito do seu programa de apoio \u00e0 educa\u00e7\u00e3o tecnol\u00f3gica na Costa do Marfim, a Semlex Costa do Marfim, em colabora\u00e7\u00e3o com a associa\u00e7\u00e3o Semlex For Education, realizou uma doa\u00e7\u00e3o de equipamentos educativos ao liceu moderno de Tengr\u00e9la.","og_url":"https:\/\/www.semlex.com\/pt-pt\/2024\/11\/18\/don-de-materiel-informatique-au-lycee-de-tengrela\/","og_site_name":"Semlex","article_publisher":"https:\/\/www.facebook.com\/semlexgroup","article_published_time":"2024-11-18T15:31:54+00:00","article_modified_time":"2025-07-18T14:53:52+00:00","og_image":[{"width":960,"height":540,"url":"https:\/\/www.semlex.com\/wp-content\/uploads\/2024\/11\/semlex-for-education-cote-d-ivoire-rotated.jpg","type":"image\/jpeg"}],"author":"Celine gomes","twitter_card":"summary_large_image","twitter_misc":{"Escrito por":"Celine gomes","Tempo estimado de leitura":"2 minutos"},"schema":{"@context":"https:\/\/schema.org","@graph":[{"@type":"Article","@id":"https:\/\/www.semlex.com\/pt-pt\/2024\/11\/18\/don-de-materiel-informatique-au-lycee-de-tengrela\/#article","isPartOf":{"@id":"https:\/\/www.semlex.com\/pt-pt\/2024\/11\/18\/don-de-materiel-informatique-au-lycee-de-tengrela\/"},"author":{"name":"Celine gomes","@id":"https:\/\/www.semlex.com\/#\/schema\/person\/aa147ec84ea1317159ed8eed8c4aea71"},"headline":"Doa\u00e7\u00e3o de Equipamentos de TI ao Liceu de Tengr\u00e9la","datePublished":"2024-11-18T15:31:54+00:00","dateModified":"2025-07-18T14:53:52+00:00","mainEntityOfPage":{"@id":"https:\/\/www.semlex.com\/pt-pt\/2024\/11\/18\/don-de-materiel-informatique-au-lycee-de-tengrela\/"},"wordCount":333,"publisher":{"@id":"https:\/\/www.semlex.com\/#organization"},"image":{"@id":"https:\/\/www.semlex.com\/pt-pt\/2024\/11\/18\/don-de-materiel-informatique-au-lycee-de-tengrela\/#primaryimage"},"thumbnailUrl":"https:\/\/www.semlex.com\/wp-content\/uploads\/2024\/11\/semlex-for-education-cote-d-ivoire-rotated.jpg","inLanguage":"pt-PT"},{"@type":"WebPage","@id":"https:\/\/www.semlex.com\/pt-pt\/2024\/11\/18\/don-de-materiel-informatique-au-lycee-de-tengrela\/","url":"https:\/\/www.semlex.com\/pt-pt\/2024\/11\/18\/don-de-materiel-informatique-au-lycee-de-tengrela\/","name":"Doa\u00e7\u00e3o de Equipamentos de TI ao Liceu de Tengr\u00e9la - Semlex","isPartOf":{"@id":"https:\/\/www.semlex.com\/#website"},"primaryImageOfPage":{"@id":"https:\/\/www.semlex.com\/pt-pt\/2024\/11\/18\/don-de-materiel-informatique-au-lycee-de-tengrela\/#primaryimage"},"image":{"@id":"https:\/\/www.semlex.com\/pt-pt\/2024\/11\/18\/don-de-materiel-informatique-au-lycee-de-tengrela\/#primaryimage"},"thumbnailUrl":"https:\/\/www.semlex.com\/wp-content\/uploads\/2024\/11\/semlex-for-education-cote-d-ivoire-rotated.jpg","datePublished":"2024-11-18T15:31:54+00:00","dateModified":"2025-07-18T14:53:52+00:00","description":"No \u00e2mbito do seu programa de apoio \u00e0 educa\u00e7\u00e3o tecnol\u00f3gica na Costa do Marfim, a Semlex Costa do Marfim, em colabora\u00e7\u00e3o com a associa\u00e7\u00e3o Semlex For Education, realizou uma doa\u00e7\u00e3o de equipamentos educativos ao liceu moderno de Tengr\u00e9la.","breadcrumb":{"@id":"https:\/\/www.semlex.com\/pt-pt\/2024\/11\/18\/don-de-materiel-informatique-au-lycee-de-tengrela\/#breadcrumb"},"inLanguage":"pt-PT","potentialAction":[{"@type":"ReadAction","target":["https:\/\/www.semlex.com\/pt-pt\/2024\/11\/18\/don-de-materiel-informatique-au-lycee-de-tengrela\/"]}]},{"@type":"ImageObject","inLanguage":"pt-PT","@id":"https:\/\/www.semlex.com\/pt-pt\/2024\/11\/18\/don-de-materiel-informatique-au-lycee-de-tengrela\/#primaryimage","url":"https:\/\/www.semlex.com\/wp-content\/uploads\/2024\/11\/semlex-for-education-cote-d-ivoire-rotated.jpg","contentUrl":"https:\/\/www.semlex.com\/wp-content\/uploads\/2024\/11\/semlex-for-education-cote-d-ivoire-rotated.jpg","width":960,"height":540},{"@type":"BreadcrumbList","@id":"https:\/\/www.semlex.com\/pt-pt\/2024\/11\/18\/don-de-materiel-informatique-au-lycee-de-tengrela\/#breadcrumb","itemListElement":[{"@type":"ListItem","position":1,"name":"Home","item":"https:\/\/www.semlex.com\/pt-pt\/"},{"@type":"ListItem","position":2,"name":"Doa\u00e7\u00e3o de Equipamentos de TI ao Liceu de Tengr\u00e9la"}]},{"@type":"WebSite","@id":"https:\/\/www.semlex.com\/#website","url":"https:\/\/www.semlex.com\/","name":"Semlex","description":"For a secure world","publisher":{"@id":"https:\/\/www.semlex.com\/#organization"},"potentialAction":[{"@type":"SearchAction","target":{"@type":"EntryPoint","urlTemplate":"https:\/\/www.semlex.com\/?s={search_term_string}"},"query-input":{"@type":"PropertyValueSpecification","valueRequired":true,"valueName":"search_term_string"}}],"inLanguage":"pt-PT"},{"@type":"Organization","@id":"https:\/\/www.semlex.com\/#organization","name":"Semlex","url":"https:\/\/www.semlex.com\/","logo":{"@type":"ImageObject","inLanguage":"pt-PT","@id":"https:\/\/www.semlex.com\/#\/schema\/logo\/image\/","url":"https:\/\/www.semlex.com\/wp-content\/uploads\/2022\/12\/logo_semlex.svg","contentUrl":"https:\/\/www.semlex.com\/wp-content\/uploads\/2022\/12\/logo_semlex.svg","caption":"Semlex"},"image":{"@id":"https:\/\/www.semlex.com\/#\/schema\/logo\/image\/"},"sameAs":["https:\/\/www.facebook.com\/semlexgroup"]},{"@type":"Person","@id":"https:\/\/www.semlex.com\/#\/schema\/person\/aa147ec84ea1317159ed8eed8c4aea71","name":"Celine gomes","image":{"@type":"ImageObject","inLanguage":"pt-PT","@id":"https:\/\/www.semlex.com\/#\/schema\/person\/image\/","url":"https:\/\/secure.gravatar.com\/avatar\/e53ef5ca3abb15d8cc8e238877c76a94a34e1dca1a8bde08bc1088f71d7553f0?s=96&d=mm&r=g","contentUrl":"https:\/\/secure.gravatar.com\/avatar\/e53ef5ca3abb15d8cc8e238877c76a94a34e1dca1a8bde08bc1088f71d7553f0?s=96&d=mm&r=g","caption":"Celine gomes"},"url":"https:\/\/www.semlex.com\/pt-pt\/author\/c-gomes\/"}]}},"_links":{"self":[{"href":"https:\/\/www.semlex.com\/pt-pt\/wp-json\/wp\/v2\/posts\/15058","targetHints":{"allow":["GET"]}}],"collection":[{"href":"https:\/\/www.semlex.com\/pt-pt\/wp-json\/wp\/v2\/posts"}],"about":[{"href":"https:\/\/www.semlex.com\/pt-pt\/wp-json\/wp\/v2\/types\/post"}],"author":[{"embeddable":true,"href":"https:\/\/www.semlex.com\/pt-pt\/wp-json\/wp\/v2\/users\/3"}],"replies":[{"embeddable":true,"href":"https:\/\/www.semlex.com\/pt-pt\/wp-json\/wp\/v2\/comments?post=15058"}],"version-history":[{"count":2,"href":"https:\/\/www.semlex.com\/pt-pt\/wp-json\/wp\/v2\/posts\/15058\/revisions"}],"predecessor-version":[{"id":15064,"href":"https:\/\/www.semlex.com\/pt-pt\/wp-json\/wp\/v2\/posts\/15058\/revisions\/15064"}],"wp:featuredmedia":[{"embeddable":true,"href":"https:\/\/www.semlex.com\/pt-pt\/wp-json\/wp\/v2\/media\/15054"}],"wp:attachment":[{"href":"https:\/\/www.semlex.com\/pt-pt\/wp-json\/wp\/v2\/media?parent=15058"}],"wp:term":[{"taxonomy":"category","embeddable":true,"href":"https:\/\/www.semlex.com\/pt-pt\/wp-json\/wp\/v2\/categories?post=15058"},{"taxonomy":"post_tag","embeddable":true,"href":"https:\/\/www.semlex.com\/pt-pt\/wp-json\/wp\/v2\/tags?post=15058"}],"curies":[{"name":"wp","href":"https:\/\/api.w.org\/{rel}","templated":true}]}}