{"id":14916,"date":"2024-05-29T10:45:29","date_gmt":"2024-05-29T08:45:29","guid":{"rendered":"https:\/\/www.semlex.com\/?p=14916"},"modified":"2025-07-18T16:53:53","modified_gmt":"2025-07-18T14:53:53","slug":"en-route-vers-la-transition-energetique","status":"publish","type":"post","link":"https:\/\/www.semlex.com\/pt-pt\/2024\/05\/29\/en-route-vers-la-transition-energetique\/","title":{"rendered":"Rumo \u00e0 transi\u00e7\u00e3o energ\u00e9tica"},"content":{"rendered":"\n<p>Num mundo onde a consci\u00eancia ambiental se revela cada vez mais crucial, as empresas s\u00e3o chamadas a repensar os seus modos de funcionamento para reduzir a sua pegada de carbono. Foi com esse esp\u00edrito que a Semlex Costa do Marfim, filial do grupo Semlex, deu um passo significativo ao ativar a alimenta\u00e7\u00e3o do seu datacenter com energia solar, em 27 de abril de 2024.<\/p>\n\n\n\n<p>Esta mudan\u00e7a marca um momento-chave na trajet\u00f3ria da Semlex Costa do Marfim em dire\u00e7\u00e3o \u00e0 sustentabilidade energ\u00e9tica. O datacenter, alimentado totalmente por energia solar, est\u00e1 agora operacional gra\u00e7as \u00e0 instala\u00e7\u00e3o de 268 pain\u00e9is solares em todo o telhado do edif\u00edcio, acompanhados de 64 baterias de armazenamento de energia com uma capacidade de 6400 Ah.<\/p>\n\n\n\n<p>Esta transi\u00e7\u00e3o para uma energia limpa e renov\u00e1vel demonstra o compromisso da Semlex Costa do Marfim em reduzir a sua pegada ecol\u00f3gica e contribuir ativamente para a luta contra as altera\u00e7\u00f5es clim\u00e1ticas. Mas esta iniciativa vai al\u00e9m dos seus benef\u00edcios ambientais imediatos, uma vez que tamb\u00e9m encarna a vis\u00e3o do grupo Semlex, cujos valores incluem o respeito pelo meio ambiente.<\/p>\n\n\n\n<p>Hoje, a transi\u00e7\u00e3o energ\u00e9tica \u00e9 uma necessidade ineg\u00e1vel, especialmente no contexto dos datacenters, que se tornaram atores importantes nas emiss\u00f5es de gases com efeito de estufa a uma escala mundial. Ao optar por uma fonte de energia limpa e renov\u00e1vel, a Semlex Costa do Marfim demonstra a sua vontade de desempenhar um papel proativo na transi\u00e7\u00e3o para uma economia menos poluente.<\/p>\n\n\n\n<p>A ativa\u00e7\u00e3o da alimenta\u00e7\u00e3o el\u00e9trica por energia solar do datacenter da Semlex Costa do Marfim marca assim uma etapa importante na transi\u00e7\u00e3o para uma economia com\u00a0baixas emiss\u00f5es de carbono. Desta forma, demonstra-se que as empresas t\u00eam o poder de liderar a mudan\u00e7a para um futuro mais sustent\u00e1vel. A ado\u00e7\u00e3o de solu\u00e7\u00f5es inovadoras e tecnol\u00f3gicas, como a energia solar, pode ser ben\u00e9fica tanto para o meio ambiente como para a economia.<\/p>\n\n\n\n<p>Ao optar por priorizar uma abordagem respeitosa com o meio ambiente, a Semlex Costa do Marfim mostra o caminho a seguir para um crescimento econ\u00f3mico sustent\u00e1vel e respons\u00e1vel. Esta iniciativa tamb\u00e9m reflete o compromisso cont\u00ednuo da Semlex com os seus valores fundamentais, incluindo o respeito pelo meio ambiente e a responsabilidade social corporativa.<\/p>\n","protected":false},"excerpt":{"rendered":"<p>Num mundo onde a consci\u00eancia ambiental se revela cada vez mais crucial, as empresas s\u00e3o chamadas a repensar os seus modos de funcionamento para reduzir a sua pegada de carbono. Foi com esse esp\u00edrito que a Semlex Costa do Marfim, filial do grupo Semlex, deu um passo significativo ao ativar a alimenta\u00e7\u00e3o do seu datacenter [&hellip;]<\/p>\n","protected":false},"author":3,"featured_media":14912,"comment_status":"closed","ping_status":"open","sticky":false,"template":"","format":"standard","meta":{"_acf_changed":false,"footnotes":""},"categories":[4],"tags":[],"class_list":["post-14916","post","type-post","status-publish","format-standard","has-post-thumbnail","hentry","category-sem-categoria"],"acf":[],"yoast_head":"<!-- This site is optimized with the Yoast SEO plugin v25.5 - https:\/\/yoast.com\/wordpress\/plugins\/seo\/ -->\n<title>Rumo \u00e0 transi\u00e7\u00e3o energ\u00e9tica - Semlex<\/title>\n<meta name=\"description\" content=\"Num mundo onde a consci\u00eancia ambiental se revela cada vez mais crucial, as empresas s\u00e3o chamadas a repensar os seus modos de funcionamento para reduzir a sua pegada de carbono.\" \/>\n<meta name=\"robots\" content=\"index, follow, max-snippet:-1, max-image-preview:large, max-video-preview:-1\" \/>\n<link rel=\"canonical\" href=\"https:\/\/www.semlex.com\/pt-pt\/2024\/05\/29\/en-route-vers-la-transition-energetique\/\" \/>\n<meta property=\"og:locale\" content=\"pt_PT\" \/>\n<meta property=\"og:type\" content=\"article\" \/>\n<meta property=\"og:title\" content=\"Rumo \u00e0 transi\u00e7\u00e3o energ\u00e9tica - Semlex\" \/>\n<meta property=\"og:description\" content=\"Num mundo onde a consci\u00eancia ambiental se revela cada vez mais crucial, as empresas s\u00e3o chamadas a repensar os seus modos de funcionamento para reduzir a sua pegada de carbono.\" \/>\n<meta property=\"og:url\" content=\"https:\/\/www.semlex.com\/pt-pt\/2024\/05\/29\/en-route-vers-la-transition-energetique\/\" \/>\n<meta property=\"og:site_name\" content=\"Semlex\" \/>\n<meta property=\"article:publisher\" content=\"https:\/\/www.facebook.com\/semlexgroup\" \/>\n<meta property=\"article:published_time\" content=\"2024-05-29T08:45:29+00:00\" \/>\n<meta property=\"article:modified_time\" content=\"2025-07-18T14:53:53+00:00\" \/>\n<meta property=\"og:image\" content=\"https:\/\/www.semlex.com\/wp-content\/uploads\/2024\/05\/semlex-cote-divoire-panneaux-solaires.jpg\" \/>\n\t<meta property=\"og:image:width\" content=\"890\" \/>\n\t<meta property=\"og:image:height\" content=\"534\" \/>\n\t<meta property=\"og:image:type\" content=\"image\/jpeg\" \/>\n<meta name=\"author\" content=\"Celine gomes\" \/>\n<meta name=\"twitter:card\" content=\"summary_large_image\" \/>\n<meta name=\"twitter:label1\" content=\"Escrito por\" \/>\n\t<meta name=\"twitter:data1\" content=\"Celine gomes\" \/>\n\t<meta name=\"twitter:label2\" content=\"Tempo estimado de leitura\" \/>\n\t<meta name=\"twitter:data2\" content=\"3 minutos\" \/>\n<script type=\"application\/ld+json\" class=\"yoast-schema-graph\">{\"@context\":\"https:\/\/schema.org\",\"@graph\":[{\"@type\":\"Article\",\"@id\":\"https:\/\/www.semlex.com\/pt-pt\/2024\/05\/29\/en-route-vers-la-transition-energetique\/#article\",\"isPartOf\":{\"@id\":\"https:\/\/www.semlex.com\/pt-pt\/2024\/05\/29\/en-route-vers-la-transition-energetique\/\"},\"author\":{\"name\":\"Celine gomes\",\"@id\":\"https:\/\/www.semlex.com\/#\/schema\/person\/aa147ec84ea1317159ed8eed8c4aea71\"},\"headline\":\"Rumo \u00e0 transi\u00e7\u00e3o energ\u00e9tica\",\"datePublished\":\"2024-05-29T08:45:29+00:00\",\"dateModified\":\"2025-07-18T14:53:53+00:00\",\"mainEntityOfPage\":{\"@id\":\"https:\/\/www.semlex.com\/pt-pt\/2024\/05\/29\/en-route-vers-la-transition-energetique\/\"},\"wordCount\":404,\"publisher\":{\"@id\":\"https:\/\/www.semlex.com\/#organization\"},\"image\":{\"@id\":\"https:\/\/www.semlex.com\/pt-pt\/2024\/05\/29\/en-route-vers-la-transition-energetique\/#primaryimage\"},\"thumbnailUrl\":\"https:\/\/www.semlex.com\/wp-content\/uploads\/2024\/05\/semlex-cote-divoire-panneaux-solaires.jpg\",\"inLanguage\":\"pt-PT\"},{\"@type\":\"WebPage\",\"@id\":\"https:\/\/www.semlex.com\/pt-pt\/2024\/05\/29\/en-route-vers-la-transition-energetique\/\",\"url\":\"https:\/\/www.semlex.com\/pt-pt\/2024\/05\/29\/en-route-vers-la-transition-energetique\/\",\"name\":\"Rumo \u00e0 transi\u00e7\u00e3o energ\u00e9tica - Semlex\",\"isPartOf\":{\"@id\":\"https:\/\/www.semlex.com\/#website\"},\"primaryImageOfPage\":{\"@id\":\"https:\/\/www.semlex.com\/pt-pt\/2024\/05\/29\/en-route-vers-la-transition-energetique\/#primaryimage\"},\"image\":{\"@id\":\"https:\/\/www.semlex.com\/pt-pt\/2024\/05\/29\/en-route-vers-la-transition-energetique\/#primaryimage\"},\"thumbnailUrl\":\"https:\/\/www.semlex.com\/wp-content\/uploads\/2024\/05\/semlex-cote-divoire-panneaux-solaires.jpg\",\"datePublished\":\"2024-05-29T08:45:29+00:00\",\"dateModified\":\"2025-07-18T14:53:53+00:00\",\"description\":\"Num mundo onde a consci\u00eancia ambiental se revela cada vez mais crucial, as empresas s\u00e3o chamadas a repensar os seus modos de funcionamento para reduzir a sua pegada de carbono.\",\"breadcrumb\":{\"@id\":\"https:\/\/www.semlex.com\/pt-pt\/2024\/05\/29\/en-route-vers-la-transition-energetique\/#breadcrumb\"},\"inLanguage\":\"pt-PT\",\"potentialAction\":[{\"@type\":\"ReadAction\",\"target\":[\"https:\/\/www.semlex.com\/pt-pt\/2024\/05\/29\/en-route-vers-la-transition-energetique\/\"]}]},{\"@type\":\"ImageObject\",\"inLanguage\":\"pt-PT\",\"@id\":\"https:\/\/www.semlex.com\/pt-pt\/2024\/05\/29\/en-route-vers-la-transition-energetique\/#primaryimage\",\"url\":\"https:\/\/www.semlex.com\/wp-content\/uploads\/2024\/05\/semlex-cote-divoire-panneaux-solaires.jpg\",\"contentUrl\":\"https:\/\/www.semlex.com\/wp-content\/uploads\/2024\/05\/semlex-cote-divoire-panneaux-solaires.jpg\",\"width\":890,\"height\":534},{\"@type\":\"BreadcrumbList\",\"@id\":\"https:\/\/www.semlex.com\/pt-pt\/2024\/05\/29\/en-route-vers-la-transition-energetique\/#breadcrumb\",\"itemListElement\":[{\"@type\":\"ListItem\",\"position\":1,\"name\":\"Home\",\"item\":\"https:\/\/www.semlex.com\/pt-pt\/\"},{\"@type\":\"ListItem\",\"position\":2,\"name\":\"Rumo \u00e0 transi\u00e7\u00e3o energ\u00e9tica\"}]},{\"@type\":\"WebSite\",\"@id\":\"https:\/\/www.semlex.com\/#website\",\"url\":\"https:\/\/www.semlex.com\/\",\"name\":\"Semlex\",\"description\":\"For a secure world\",\"publisher\":{\"@id\":\"https:\/\/www.semlex.com\/#organization\"},\"potentialAction\":[{\"@type\":\"SearchAction\",\"target\":{\"@type\":\"EntryPoint\",\"urlTemplate\":\"https:\/\/www.semlex.com\/?s={search_term_string}\"},\"query-input\":{\"@type\":\"PropertyValueSpecification\",\"valueRequired\":true,\"valueName\":\"search_term_string\"}}],\"inLanguage\":\"pt-PT\"},{\"@type\":\"Organization\",\"@id\":\"https:\/\/www.semlex.com\/#organization\",\"name\":\"Semlex\",\"url\":\"https:\/\/www.semlex.com\/\",\"logo\":{\"@type\":\"ImageObject\",\"inLanguage\":\"pt-PT\",\"@id\":\"https:\/\/www.semlex.com\/#\/schema\/logo\/image\/\",\"url\":\"https:\/\/www.semlex.com\/wp-content\/uploads\/2022\/12\/logo_semlex.svg\",\"contentUrl\":\"https:\/\/www.semlex.com\/wp-content\/uploads\/2022\/12\/logo_semlex.svg\",\"caption\":\"Semlex\"},\"image\":{\"@id\":\"https:\/\/www.semlex.com\/#\/schema\/logo\/image\/\"},\"sameAs\":[\"https:\/\/www.facebook.com\/semlexgroup\"]},{\"@type\":\"Person\",\"@id\":\"https:\/\/www.semlex.com\/#\/schema\/person\/aa147ec84ea1317159ed8eed8c4aea71\",\"name\":\"Celine gomes\",\"image\":{\"@type\":\"ImageObject\",\"inLanguage\":\"pt-PT\",\"@id\":\"https:\/\/www.semlex.com\/#\/schema\/person\/image\/\",\"url\":\"https:\/\/secure.gravatar.com\/avatar\/e53ef5ca3abb15d8cc8e238877c76a94a34e1dca1a8bde08bc1088f71d7553f0?s=96&d=mm&r=g\",\"contentUrl\":\"https:\/\/secure.gravatar.com\/avatar\/e53ef5ca3abb15d8cc8e238877c76a94a34e1dca1a8bde08bc1088f71d7553f0?s=96&d=mm&r=g\",\"caption\":\"Celine gomes\"},\"url\":\"https:\/\/www.semlex.com\/pt-pt\/author\/c-gomes\/\"}]}<\/script>\n<!-- \/ Yoast SEO plugin. -->","yoast_head_json":{"title":"Rumo \u00e0 transi\u00e7\u00e3o energ\u00e9tica - Semlex","description":"Num mundo onde a consci\u00eancia ambiental se revela cada vez mais crucial, as empresas s\u00e3o chamadas a repensar os seus modos de funcionamento para reduzir a sua pegada de carbono.","robots":{"index":"index","follow":"follow","max-snippet":"max-snippet:-1","max-image-preview":"max-image-preview:large","max-video-preview":"max-video-preview:-1"},"canonical":"https:\/\/www.semlex.com\/pt-pt\/2024\/05\/29\/en-route-vers-la-transition-energetique\/","og_locale":"pt_PT","og_type":"article","og_title":"Rumo \u00e0 transi\u00e7\u00e3o energ\u00e9tica - Semlex","og_description":"Num mundo onde a consci\u00eancia ambiental se revela cada vez mais crucial, as empresas s\u00e3o chamadas a repensar os seus modos de funcionamento para reduzir a sua pegada de carbono.","og_url":"https:\/\/www.semlex.com\/pt-pt\/2024\/05\/29\/en-route-vers-la-transition-energetique\/","og_site_name":"Semlex","article_publisher":"https:\/\/www.facebook.com\/semlexgroup","article_published_time":"2024-05-29T08:45:29+00:00","article_modified_time":"2025-07-18T14:53:53+00:00","og_image":[{"width":890,"height":534,"url":"https:\/\/www.semlex.com\/wp-content\/uploads\/2024\/05\/semlex-cote-divoire-panneaux-solaires.jpg","type":"image\/jpeg"}],"author":"Celine gomes","twitter_card":"summary_large_image","twitter_misc":{"Escrito por":"Celine gomes","Tempo estimado de leitura":"3 minutos"},"schema":{"@context":"https:\/\/schema.org","@graph":[{"@type":"Article","@id":"https:\/\/www.semlex.com\/pt-pt\/2024\/05\/29\/en-route-vers-la-transition-energetique\/#article","isPartOf":{"@id":"https:\/\/www.semlex.com\/pt-pt\/2024\/05\/29\/en-route-vers-la-transition-energetique\/"},"author":{"name":"Celine gomes","@id":"https:\/\/www.semlex.com\/#\/schema\/person\/aa147ec84ea1317159ed8eed8c4aea71"},"headline":"Rumo \u00e0 transi\u00e7\u00e3o energ\u00e9tica","datePublished":"2024-05-29T08:45:29+00:00","dateModified":"2025-07-18T14:53:53+00:00","mainEntityOfPage":{"@id":"https:\/\/www.semlex.com\/pt-pt\/2024\/05\/29\/en-route-vers-la-transition-energetique\/"},"wordCount":404,"publisher":{"@id":"https:\/\/www.semlex.com\/#organization"},"image":{"@id":"https:\/\/www.semlex.com\/pt-pt\/2024\/05\/29\/en-route-vers-la-transition-energetique\/#primaryimage"},"thumbnailUrl":"https:\/\/www.semlex.com\/wp-content\/uploads\/2024\/05\/semlex-cote-divoire-panneaux-solaires.jpg","inLanguage":"pt-PT"},{"@type":"WebPage","@id":"https:\/\/www.semlex.com\/pt-pt\/2024\/05\/29\/en-route-vers-la-transition-energetique\/","url":"https:\/\/www.semlex.com\/pt-pt\/2024\/05\/29\/en-route-vers-la-transition-energetique\/","name":"Rumo \u00e0 transi\u00e7\u00e3o energ\u00e9tica - Semlex","isPartOf":{"@id":"https:\/\/www.semlex.com\/#website"},"primaryImageOfPage":{"@id":"https:\/\/www.semlex.com\/pt-pt\/2024\/05\/29\/en-route-vers-la-transition-energetique\/#primaryimage"},"image":{"@id":"https:\/\/www.semlex.com\/pt-pt\/2024\/05\/29\/en-route-vers-la-transition-energetique\/#primaryimage"},"thumbnailUrl":"https:\/\/www.semlex.com\/wp-content\/uploads\/2024\/05\/semlex-cote-divoire-panneaux-solaires.jpg","datePublished":"2024-05-29T08:45:29+00:00","dateModified":"2025-07-18T14:53:53+00:00","description":"Num mundo onde a consci\u00eancia ambiental se revela cada vez mais crucial, as empresas s\u00e3o chamadas a repensar os seus modos de funcionamento para reduzir a sua pegada de carbono.","breadcrumb":{"@id":"https:\/\/www.semlex.com\/pt-pt\/2024\/05\/29\/en-route-vers-la-transition-energetique\/#breadcrumb"},"inLanguage":"pt-PT","potentialAction":[{"@type":"ReadAction","target":["https:\/\/www.semlex.com\/pt-pt\/2024\/05\/29\/en-route-vers-la-transition-energetique\/"]}]},{"@type":"ImageObject","inLanguage":"pt-PT","@id":"https:\/\/www.semlex.com\/pt-pt\/2024\/05\/29\/en-route-vers-la-transition-energetique\/#primaryimage","url":"https:\/\/www.semlex.com\/wp-content\/uploads\/2024\/05\/semlex-cote-divoire-panneaux-solaires.jpg","contentUrl":"https:\/\/www.semlex.com\/wp-content\/uploads\/2024\/05\/semlex-cote-divoire-panneaux-solaires.jpg","width":890,"height":534},{"@type":"BreadcrumbList","@id":"https:\/\/www.semlex.com\/pt-pt\/2024\/05\/29\/en-route-vers-la-transition-energetique\/#breadcrumb","itemListElement":[{"@type":"ListItem","position":1,"name":"Home","item":"https:\/\/www.semlex.com\/pt-pt\/"},{"@type":"ListItem","position":2,"name":"Rumo \u00e0 transi\u00e7\u00e3o energ\u00e9tica"}]},{"@type":"WebSite","@id":"https:\/\/www.semlex.com\/#website","url":"https:\/\/www.semlex.com\/","name":"Semlex","description":"For a secure world","publisher":{"@id":"https:\/\/www.semlex.com\/#organization"},"potentialAction":[{"@type":"SearchAction","target":{"@type":"EntryPoint","urlTemplate":"https:\/\/www.semlex.com\/?s={search_term_string}"},"query-input":{"@type":"PropertyValueSpecification","valueRequired":true,"valueName":"search_term_string"}}],"inLanguage":"pt-PT"},{"@type":"Organization","@id":"https:\/\/www.semlex.com\/#organization","name":"Semlex","url":"https:\/\/www.semlex.com\/","logo":{"@type":"ImageObject","inLanguage":"pt-PT","@id":"https:\/\/www.semlex.com\/#\/schema\/logo\/image\/","url":"https:\/\/www.semlex.com\/wp-content\/uploads\/2022\/12\/logo_semlex.svg","contentUrl":"https:\/\/www.semlex.com\/wp-content\/uploads\/2022\/12\/logo_semlex.svg","caption":"Semlex"},"image":{"@id":"https:\/\/www.semlex.com\/#\/schema\/logo\/image\/"},"sameAs":["https:\/\/www.facebook.com\/semlexgroup"]},{"@type":"Person","@id":"https:\/\/www.semlex.com\/#\/schema\/person\/aa147ec84ea1317159ed8eed8c4aea71","name":"Celine gomes","image":{"@type":"ImageObject","inLanguage":"pt-PT","@id":"https:\/\/www.semlex.com\/#\/schema\/person\/image\/","url":"https:\/\/secure.gravatar.com\/avatar\/e53ef5ca3abb15d8cc8e238877c76a94a34e1dca1a8bde08bc1088f71d7553f0?s=96&d=mm&r=g","contentUrl":"https:\/\/secure.gravatar.com\/avatar\/e53ef5ca3abb15d8cc8e238877c76a94a34e1dca1a8bde08bc1088f71d7553f0?s=96&d=mm&r=g","caption":"Celine gomes"},"url":"https:\/\/www.semlex.com\/pt-pt\/author\/c-gomes\/"}]}},"_links":{"self":[{"href":"https:\/\/www.semlex.com\/pt-pt\/wp-json\/wp\/v2\/posts\/14916","targetHints":{"allow":["GET"]}}],"collection":[{"href":"https:\/\/www.semlex.com\/pt-pt\/wp-json\/wp\/v2\/posts"}],"about":[{"href":"https:\/\/www.semlex.com\/pt-pt\/wp-json\/wp\/v2\/types\/post"}],"author":[{"embeddable":true,"href":"https:\/\/www.semlex.com\/pt-pt\/wp-json\/wp\/v2\/users\/3"}],"replies":[{"embeddable":true,"href":"https:\/\/www.semlex.com\/pt-pt\/wp-json\/wp\/v2\/comments?post=14916"}],"version-history":[{"count":3,"href":"https:\/\/www.semlex.com\/pt-pt\/wp-json\/wp\/v2\/posts\/14916\/revisions"}],"predecessor-version":[{"id":14958,"href":"https:\/\/www.semlex.com\/pt-pt\/wp-json\/wp\/v2\/posts\/14916\/revisions\/14958"}],"wp:featuredmedia":[{"embeddable":true,"href":"https:\/\/www.semlex.com\/pt-pt\/wp-json\/wp\/v2\/media\/14912"}],"wp:attachment":[{"href":"https:\/\/www.semlex.com\/pt-pt\/wp-json\/wp\/v2\/media?parent=14916"}],"wp:term":[{"taxonomy":"category","embeddable":true,"href":"https:\/\/www.semlex.com\/pt-pt\/wp-json\/wp\/v2\/categories?post=14916"},{"taxonomy":"post_tag","embeddable":true,"href":"https:\/\/www.semlex.com\/pt-pt\/wp-json\/wp\/v2\/tags?post=14916"}],"curies":[{"name":"wp","href":"https:\/\/api.w.org\/{rel}","templated":true}]}}