{"id":14883,"date":"2024-05-15T12:23:35","date_gmt":"2024-05-15T10:23:35","guid":{"rendered":"https:\/\/www.semlex.com\/2024\/05\/15\/id4africa-2024\/"},"modified":"2025-07-18T16:53:53","modified_gmt":"2025-07-18T14:53:53","slug":"id4africa-2024","status":"publish","type":"post","link":"https:\/\/www.semlex.com\/pt-pt\/2024\/05\/15\/id4africa-2024\/","title":{"rendered":"ID4Africa 2024"},"content":{"rendered":"\n<p>A Semlex tem o prazer de renovar a sua participa\u00e7\u00e3o no evento ID4AFRICA, que ter\u00e1 lugar n<strong>a Cidade do Cabo de 21 a 24 de maio de 2024<\/strong>.<\/p>\n\n\n\n<p>ID4AFRICA \u00e9 uma organiza\u00e7\u00e3o n\u00e3o governamental fundada em 2014. A sua miss\u00e3o \u00e9 apoiar os pa\u00edses africanos no desenvolvimento de ecossistemas de identidade robustos e respons\u00e1veis. Em \u00c1frica, onde muitas pessoas carecem de identidade legal, o objetivo da ID4AFRICA \u00e9 garantir o acesso inclusivo aos servi\u00e7os estabelecendo uma identidade para todos, de acordo com o Objetivo de Desenvolvimento Sustent\u00e1vel 16.9.<\/p>\n\n\n\n<p>Encontre-nos de <strong>21 a 24 de maio de 2024 no stand D15<\/strong> para descobrir as nossas \u00faltimas inova\u00e7\u00f5es!<\/p>\n\n\n\n<figure class=\"wp-block-gallery has-nested-images columns-default is-cropped wp-block-gallery-1 is-layout-flex wp-block-gallery-is-layout-flex\">\n<figure class=\"wp-block-image size-large\"><img loading=\"lazy\" decoding=\"async\" width=\"1024\" height=\"1024\" data-id=\"14877\" src=\"https:\/\/www.semlex.com\/wp-content\/uploads\/2024\/05\/id4africa-2024-1024x1024.png\" alt=\"\" class=\"wp-image-14877\" srcset=\"https:\/\/www.semlex.com\/wp-content\/uploads\/2024\/05\/id4africa-2024-1024x1024.png 1024w, https:\/\/www.semlex.com\/wp-content\/uploads\/2024\/05\/id4africa-2024-300x300.png 300w, https:\/\/www.semlex.com\/wp-content\/uploads\/2024\/05\/id4africa-2024-150x150.png 150w, https:\/\/www.semlex.com\/wp-content\/uploads\/2024\/05\/id4africa-2024-768x768.png 768w, https:\/\/www.semlex.com\/wp-content\/uploads\/2024\/05\/id4africa-2024-1536x1536.png 1536w, https:\/\/www.semlex.com\/wp-content\/uploads\/2024\/05\/id4africa-2024-2048x2048.png 2048w\" sizes=\"auto, (max-width: 1024px) 100vw, 1024px\" \/><\/figure>\n<\/figure>\n\n\n\n<p><\/p>\n","protected":false},"excerpt":{"rendered":"<p>A Semlex tem o prazer de renovar a sua participa\u00e7\u00e3o no evento ID4AFRICA, que ter\u00e1 lugar na Cidade do Cabo de 21 a 24 de maio de 2024. ID4AFRICA \u00e9 uma organiza\u00e7\u00e3o n\u00e3o governamental fundada em 2014. A sua miss\u00e3o \u00e9 apoiar os pa\u00edses africanos no desenvolvimento de ecossistemas de identidade robustos e respons\u00e1veis. Em [&hellip;]<\/p>\n","protected":false},"author":3,"featured_media":14874,"comment_status":"closed","ping_status":"open","sticky":false,"template":"","format":"standard","meta":{"_acf_changed":false,"footnotes":""},"categories":[4],"tags":[],"class_list":["post-14883","post","type-post","status-publish","format-standard","has-post-thumbnail","hentry","category-sem-categoria"],"acf":[],"yoast_head":"<!-- This site is optimized with the Yoast SEO plugin v25.5 - https:\/\/yoast.com\/wordpress\/plugins\/seo\/ -->\n<title>ID4Africa 2024 - Semlex<\/title>\n<meta name=\"description\" content=\"A Semlex tem o prazer de renovar a sua participa\u00e7\u00e3o no evento ID4AFRICA, que ter\u00e1 lugar na Cidade do Cabo de 21 a 24 de maio de 2024.\" \/>\n<meta name=\"robots\" content=\"index, follow, max-snippet:-1, max-image-preview:large, max-video-preview:-1\" \/>\n<link rel=\"canonical\" href=\"https:\/\/www.semlex.com\/pt-pt\/2024\/05\/15\/id4africa-2024\/\" \/>\n<meta property=\"og:locale\" content=\"pt_PT\" \/>\n<meta property=\"og:type\" content=\"article\" \/>\n<meta property=\"og:title\" content=\"ID4Africa 2024 - Semlex\" \/>\n<meta property=\"og:description\" content=\"A Semlex tem o prazer de renovar a sua participa\u00e7\u00e3o no evento ID4AFRICA, que ter\u00e1 lugar na Cidade do Cabo de 21 a 24 de maio de 2024.\" \/>\n<meta property=\"og:url\" content=\"https:\/\/www.semlex.com\/pt-pt\/2024\/05\/15\/id4africa-2024\/\" \/>\n<meta property=\"og:site_name\" content=\"Semlex\" \/>\n<meta property=\"article:publisher\" content=\"https:\/\/www.facebook.com\/semlexgroup\" \/>\n<meta property=\"article:published_time\" content=\"2024-05-15T10:23:35+00:00\" \/>\n<meta property=\"article:modified_time\" content=\"2025-07-18T14:53:53+00:00\" \/>\n<meta property=\"og:image\" content=\"https:\/\/www.semlex.com\/wp-content\/uploads\/2024\/05\/ID4AFRICA-2024-STAND-D15-1024x708.png\" \/>\n\t<meta property=\"og:image:width\" content=\"1024\" \/>\n\t<meta property=\"og:image:height\" content=\"708\" \/>\n\t<meta property=\"og:image:type\" content=\"image\/png\" \/>\n<meta name=\"author\" content=\"Celine gomes\" \/>\n<meta name=\"twitter:card\" content=\"summary_large_image\" \/>\n<meta name=\"twitter:label1\" content=\"Escrito por\" \/>\n\t<meta name=\"twitter:data1\" content=\"Celine gomes\" \/>\n\t<meta name=\"twitter:label2\" content=\"Tempo estimado de leitura\" \/>\n\t<meta name=\"twitter:data2\" content=\"1 minuto\" \/>\n<script type=\"application\/ld+json\" class=\"yoast-schema-graph\">{\"@context\":\"https:\/\/schema.org\",\"@graph\":[{\"@type\":\"Article\",\"@id\":\"https:\/\/www.semlex.com\/pt-pt\/2024\/05\/15\/id4africa-2024\/#article\",\"isPartOf\":{\"@id\":\"https:\/\/www.semlex.com\/pt-pt\/2024\/05\/15\/id4africa-2024\/\"},\"author\":{\"name\":\"Celine gomes\",\"@id\":\"https:\/\/www.semlex.com\/#\/schema\/person\/aa147ec84ea1317159ed8eed8c4aea71\"},\"headline\":\"ID4Africa 2024\",\"datePublished\":\"2024-05-15T10:23:35+00:00\",\"dateModified\":\"2025-07-18T14:53:53+00:00\",\"mainEntityOfPage\":{\"@id\":\"https:\/\/www.semlex.com\/pt-pt\/2024\/05\/15\/id4africa-2024\/\"},\"wordCount\":109,\"publisher\":{\"@id\":\"https:\/\/www.semlex.com\/#organization\"},\"image\":{\"@id\":\"https:\/\/www.semlex.com\/pt-pt\/2024\/05\/15\/id4africa-2024\/#primaryimage\"},\"thumbnailUrl\":\"https:\/\/www.semlex.com\/wp-content\/uploads\/2024\/05\/ID4AFRICA-2024-STAND-D15.png\",\"inLanguage\":\"pt-PT\"},{\"@type\":\"WebPage\",\"@id\":\"https:\/\/www.semlex.com\/pt-pt\/2024\/05\/15\/id4africa-2024\/\",\"url\":\"https:\/\/www.semlex.com\/pt-pt\/2024\/05\/15\/id4africa-2024\/\",\"name\":\"ID4Africa 2024 - Semlex\",\"isPartOf\":{\"@id\":\"https:\/\/www.semlex.com\/#website\"},\"primaryImageOfPage\":{\"@id\":\"https:\/\/www.semlex.com\/pt-pt\/2024\/05\/15\/id4africa-2024\/#primaryimage\"},\"image\":{\"@id\":\"https:\/\/www.semlex.com\/pt-pt\/2024\/05\/15\/id4africa-2024\/#primaryimage\"},\"thumbnailUrl\":\"https:\/\/www.semlex.com\/wp-content\/uploads\/2024\/05\/ID4AFRICA-2024-STAND-D15.png\",\"datePublished\":\"2024-05-15T10:23:35+00:00\",\"dateModified\":\"2025-07-18T14:53:53+00:00\",\"description\":\"A Semlex tem o prazer de renovar a sua participa\u00e7\u00e3o no evento ID4AFRICA, que ter\u00e1 lugar na Cidade do Cabo de 21 a 24 de maio de 2024.\",\"breadcrumb\":{\"@id\":\"https:\/\/www.semlex.com\/pt-pt\/2024\/05\/15\/id4africa-2024\/#breadcrumb\"},\"inLanguage\":\"pt-PT\",\"potentialAction\":[{\"@type\":\"ReadAction\",\"target\":[\"https:\/\/www.semlex.com\/pt-pt\/2024\/05\/15\/id4africa-2024\/\"]}]},{\"@type\":\"ImageObject\",\"inLanguage\":\"pt-PT\",\"@id\":\"https:\/\/www.semlex.com\/pt-pt\/2024\/05\/15\/id4africa-2024\/#primaryimage\",\"url\":\"https:\/\/www.semlex.com\/wp-content\/uploads\/2024\/05\/ID4AFRICA-2024-STAND-D15.png\",\"contentUrl\":\"https:\/\/www.semlex.com\/wp-content\/uploads\/2024\/05\/ID4AFRICA-2024-STAND-D15.png\",\"width\":18788,\"height\":12994},{\"@type\":\"BreadcrumbList\",\"@id\":\"https:\/\/www.semlex.com\/pt-pt\/2024\/05\/15\/id4africa-2024\/#breadcrumb\",\"itemListElement\":[{\"@type\":\"ListItem\",\"position\":1,\"name\":\"Home\",\"item\":\"https:\/\/www.semlex.com\/pt-pt\/\"},{\"@type\":\"ListItem\",\"position\":2,\"name\":\"ID4Africa 2024\"}]},{\"@type\":\"WebSite\",\"@id\":\"https:\/\/www.semlex.com\/#website\",\"url\":\"https:\/\/www.semlex.com\/\",\"name\":\"Semlex\",\"description\":\"For a secure world\",\"publisher\":{\"@id\":\"https:\/\/www.semlex.com\/#organization\"},\"potentialAction\":[{\"@type\":\"SearchAction\",\"target\":{\"@type\":\"EntryPoint\",\"urlTemplate\":\"https:\/\/www.semlex.com\/?s={search_term_string}\"},\"query-input\":{\"@type\":\"PropertyValueSpecification\",\"valueRequired\":true,\"valueName\":\"search_term_string\"}}],\"inLanguage\":\"pt-PT\"},{\"@type\":\"Organization\",\"@id\":\"https:\/\/www.semlex.com\/#organization\",\"name\":\"Semlex\",\"url\":\"https:\/\/www.semlex.com\/\",\"logo\":{\"@type\":\"ImageObject\",\"inLanguage\":\"pt-PT\",\"@id\":\"https:\/\/www.semlex.com\/#\/schema\/logo\/image\/\",\"url\":\"https:\/\/www.semlex.com\/wp-content\/uploads\/2022\/12\/logo_semlex.svg\",\"contentUrl\":\"https:\/\/www.semlex.com\/wp-content\/uploads\/2022\/12\/logo_semlex.svg\",\"caption\":\"Semlex\"},\"image\":{\"@id\":\"https:\/\/www.semlex.com\/#\/schema\/logo\/image\/\"},\"sameAs\":[\"https:\/\/www.facebook.com\/semlexgroup\"]},{\"@type\":\"Person\",\"@id\":\"https:\/\/www.semlex.com\/#\/schema\/person\/aa147ec84ea1317159ed8eed8c4aea71\",\"name\":\"Celine gomes\",\"image\":{\"@type\":\"ImageObject\",\"inLanguage\":\"pt-PT\",\"@id\":\"https:\/\/www.semlex.com\/#\/schema\/person\/image\/\",\"url\":\"https:\/\/secure.gravatar.com\/avatar\/e53ef5ca3abb15d8cc8e238877c76a94a34e1dca1a8bde08bc1088f71d7553f0?s=96&d=mm&r=g\",\"contentUrl\":\"https:\/\/secure.gravatar.com\/avatar\/e53ef5ca3abb15d8cc8e238877c76a94a34e1dca1a8bde08bc1088f71d7553f0?s=96&d=mm&r=g\",\"caption\":\"Celine gomes\"},\"url\":\"https:\/\/www.semlex.com\/pt-pt\/author\/c-gomes\/\"}]}<\/script>\n<!-- \/ Yoast SEO plugin. -->","yoast_head_json":{"title":"ID4Africa 2024 - Semlex","description":"A Semlex tem o prazer de renovar a sua participa\u00e7\u00e3o no evento ID4AFRICA, que ter\u00e1 lugar na Cidade do Cabo de 21 a 24 de maio de 2024.","robots":{"index":"index","follow":"follow","max-snippet":"max-snippet:-1","max-image-preview":"max-image-preview:large","max-video-preview":"max-video-preview:-1"},"canonical":"https:\/\/www.semlex.com\/pt-pt\/2024\/05\/15\/id4africa-2024\/","og_locale":"pt_PT","og_type":"article","og_title":"ID4Africa 2024 - Semlex","og_description":"A Semlex tem o prazer de renovar a sua participa\u00e7\u00e3o no evento ID4AFRICA, que ter\u00e1 lugar na Cidade do Cabo de 21 a 24 de maio de 2024.","og_url":"https:\/\/www.semlex.com\/pt-pt\/2024\/05\/15\/id4africa-2024\/","og_site_name":"Semlex","article_publisher":"https:\/\/www.facebook.com\/semlexgroup","article_published_time":"2024-05-15T10:23:35+00:00","article_modified_time":"2025-07-18T14:53:53+00:00","og_image":[{"width":1024,"height":708,"url":"https:\/\/www.semlex.com\/wp-content\/uploads\/2024\/05\/ID4AFRICA-2024-STAND-D15-1024x708.png","type":"image\/png"}],"author":"Celine gomes","twitter_card":"summary_large_image","twitter_misc":{"Escrito por":"Celine gomes","Tempo estimado de leitura":"1 minuto"},"schema":{"@context":"https:\/\/schema.org","@graph":[{"@type":"Article","@id":"https:\/\/www.semlex.com\/pt-pt\/2024\/05\/15\/id4africa-2024\/#article","isPartOf":{"@id":"https:\/\/www.semlex.com\/pt-pt\/2024\/05\/15\/id4africa-2024\/"},"author":{"name":"Celine gomes","@id":"https:\/\/www.semlex.com\/#\/schema\/person\/aa147ec84ea1317159ed8eed8c4aea71"},"headline":"ID4Africa 2024","datePublished":"2024-05-15T10:23:35+00:00","dateModified":"2025-07-18T14:53:53+00:00","mainEntityOfPage":{"@id":"https:\/\/www.semlex.com\/pt-pt\/2024\/05\/15\/id4africa-2024\/"},"wordCount":109,"publisher":{"@id":"https:\/\/www.semlex.com\/#organization"},"image":{"@id":"https:\/\/www.semlex.com\/pt-pt\/2024\/05\/15\/id4africa-2024\/#primaryimage"},"thumbnailUrl":"https:\/\/www.semlex.com\/wp-content\/uploads\/2024\/05\/ID4AFRICA-2024-STAND-D15.png","inLanguage":"pt-PT"},{"@type":"WebPage","@id":"https:\/\/www.semlex.com\/pt-pt\/2024\/05\/15\/id4africa-2024\/","url":"https:\/\/www.semlex.com\/pt-pt\/2024\/05\/15\/id4africa-2024\/","name":"ID4Africa 2024 - Semlex","isPartOf":{"@id":"https:\/\/www.semlex.com\/#website"},"primaryImageOfPage":{"@id":"https:\/\/www.semlex.com\/pt-pt\/2024\/05\/15\/id4africa-2024\/#primaryimage"},"image":{"@id":"https:\/\/www.semlex.com\/pt-pt\/2024\/05\/15\/id4africa-2024\/#primaryimage"},"thumbnailUrl":"https:\/\/www.semlex.com\/wp-content\/uploads\/2024\/05\/ID4AFRICA-2024-STAND-D15.png","datePublished":"2024-05-15T10:23:35+00:00","dateModified":"2025-07-18T14:53:53+00:00","description":"A Semlex tem o prazer de renovar a sua participa\u00e7\u00e3o no evento ID4AFRICA, que ter\u00e1 lugar na Cidade do Cabo de 21 a 24 de maio de 2024.","breadcrumb":{"@id":"https:\/\/www.semlex.com\/pt-pt\/2024\/05\/15\/id4africa-2024\/#breadcrumb"},"inLanguage":"pt-PT","potentialAction":[{"@type":"ReadAction","target":["https:\/\/www.semlex.com\/pt-pt\/2024\/05\/15\/id4africa-2024\/"]}]},{"@type":"ImageObject","inLanguage":"pt-PT","@id":"https:\/\/www.semlex.com\/pt-pt\/2024\/05\/15\/id4africa-2024\/#primaryimage","url":"https:\/\/www.semlex.com\/wp-content\/uploads\/2024\/05\/ID4AFRICA-2024-STAND-D15.png","contentUrl":"https:\/\/www.semlex.com\/wp-content\/uploads\/2024\/05\/ID4AFRICA-2024-STAND-D15.png","width":18788,"height":12994},{"@type":"BreadcrumbList","@id":"https:\/\/www.semlex.com\/pt-pt\/2024\/05\/15\/id4africa-2024\/#breadcrumb","itemListElement":[{"@type":"ListItem","position":1,"name":"Home","item":"https:\/\/www.semlex.com\/pt-pt\/"},{"@type":"ListItem","position":2,"name":"ID4Africa 2024"}]},{"@type":"WebSite","@id":"https:\/\/www.semlex.com\/#website","url":"https:\/\/www.semlex.com\/","name":"Semlex","description":"For a secure world","publisher":{"@id":"https:\/\/www.semlex.com\/#organization"},"potentialAction":[{"@type":"SearchAction","target":{"@type":"EntryPoint","urlTemplate":"https:\/\/www.semlex.com\/?s={search_term_string}"},"query-input":{"@type":"PropertyValueSpecification","valueRequired":true,"valueName":"search_term_string"}}],"inLanguage":"pt-PT"},{"@type":"Organization","@id":"https:\/\/www.semlex.com\/#organization","name":"Semlex","url":"https:\/\/www.semlex.com\/","logo":{"@type":"ImageObject","inLanguage":"pt-PT","@id":"https:\/\/www.semlex.com\/#\/schema\/logo\/image\/","url":"https:\/\/www.semlex.com\/wp-content\/uploads\/2022\/12\/logo_semlex.svg","contentUrl":"https:\/\/www.semlex.com\/wp-content\/uploads\/2022\/12\/logo_semlex.svg","caption":"Semlex"},"image":{"@id":"https:\/\/www.semlex.com\/#\/schema\/logo\/image\/"},"sameAs":["https:\/\/www.facebook.com\/semlexgroup"]},{"@type":"Person","@id":"https:\/\/www.semlex.com\/#\/schema\/person\/aa147ec84ea1317159ed8eed8c4aea71","name":"Celine gomes","image":{"@type":"ImageObject","inLanguage":"pt-PT","@id":"https:\/\/www.semlex.com\/#\/schema\/person\/image\/","url":"https:\/\/secure.gravatar.com\/avatar\/e53ef5ca3abb15d8cc8e238877c76a94a34e1dca1a8bde08bc1088f71d7553f0?s=96&d=mm&r=g","contentUrl":"https:\/\/secure.gravatar.com\/avatar\/e53ef5ca3abb15d8cc8e238877c76a94a34e1dca1a8bde08bc1088f71d7553f0?s=96&d=mm&r=g","caption":"Celine gomes"},"url":"https:\/\/www.semlex.com\/pt-pt\/author\/c-gomes\/"}]}},"_links":{"self":[{"href":"https:\/\/www.semlex.com\/pt-pt\/wp-json\/wp\/v2\/posts\/14883","targetHints":{"allow":["GET"]}}],"collection":[{"href":"https:\/\/www.semlex.com\/pt-pt\/wp-json\/wp\/v2\/posts"}],"about":[{"href":"https:\/\/www.semlex.com\/pt-pt\/wp-json\/wp\/v2\/types\/post"}],"author":[{"embeddable":true,"href":"https:\/\/www.semlex.com\/pt-pt\/wp-json\/wp\/v2\/users\/3"}],"replies":[{"embeddable":true,"href":"https:\/\/www.semlex.com\/pt-pt\/wp-json\/wp\/v2\/comments?post=14883"}],"version-history":[{"count":5,"href":"https:\/\/www.semlex.com\/pt-pt\/wp-json\/wp\/v2\/posts\/14883\/revisions"}],"predecessor-version":[{"id":14956,"href":"https:\/\/www.semlex.com\/pt-pt\/wp-json\/wp\/v2\/posts\/14883\/revisions\/14956"}],"wp:featuredmedia":[{"embeddable":true,"href":"https:\/\/www.semlex.com\/pt-pt\/wp-json\/wp\/v2\/media\/14874"}],"wp:attachment":[{"href":"https:\/\/www.semlex.com\/pt-pt\/wp-json\/wp\/v2\/media?parent=14883"}],"wp:term":[{"taxonomy":"category","embeddable":true,"href":"https:\/\/www.semlex.com\/pt-pt\/wp-json\/wp\/v2\/categories?post=14883"},{"taxonomy":"post_tag","embeddable":true,"href":"https:\/\/www.semlex.com\/pt-pt\/wp-json\/wp\/v2\/tags?post=14883"}],"curies":[{"name":"wp","href":"https:\/\/api.w.org\/{rel}","templated":true}]}}