{"id":14806,"date":"2024-02-12T12:25:55","date_gmt":"2024-02-12T11:25:55","guid":{"rendered":"https:\/\/www.semlex.com\/2024\/02\/12\/la-modernisation-de-letat-civil-en-cote-divoire\/"},"modified":"2025-07-18T16:53:53","modified_gmt":"2025-07-18T14:53:53","slug":"la-modernisation-de-letat-civil-en-cote-divoire","status":"publish","type":"post","link":"https:\/\/www.semlex.com\/pt-pt\/2024\/02\/12\/la-modernisation-de-letat-civil-en-cote-divoire\/","title":{"rendered":"A moderniza\u00e7\u00e3o do Registo Civil na Costa do Marfim"},"content":{"rendered":"\n<p>O Escrit\u00f3rio Nacional de Registo Civil e Identifica\u00e7\u00e3o (ONECI) da Costa do Marfim alcan\u00e7ou um marco crucial no seu processo de moderniza\u00e7\u00e3o com a implementa\u00e7\u00e3o efetiva do software nacional de registo civil, o Cityweb. De segunda-feira, dia 5, a quinta-feira, dia 8 de fevereiro de 2024, decorreu um evento de grande import\u00e2ncia no centro de forma\u00e7\u00e3o da ONECI, em Angr\u00e9, onde foi ministrado um programa de treino intensivo sobre a utiliza\u00e7\u00e3o do Cityweb para sessenta atores do registo civil oriundos de v\u00e1rias regi\u00f5es do pa\u00eds.<\/p>\n\n\n\n<p>Esta iniciativa reflete o compromisso inabal\u00e1vel da Semlex e da ONECI em fornecer aos funcion\u00e1rios do Estado as ferramentas necess\u00e1rias para uma gest\u00e3o eficiente do registo civil. Supervisionada por Affessi Affessi, chefe do projeto de registo civil, esta sess\u00e3o de forma\u00e7\u00e3o esteve inserida no contexto mais amplo da implementa\u00e7\u00e3o do Cityweb.<\/p>\n\n\n\n<p>Atualmente utilizado em 105 centros de registo civil distribu\u00eddos por cinco regi\u00f5es da Costa do Marfim, este software visa cobrir todos os 860 centros de registo civil do pa\u00eds, as suas 37 jurisdi\u00e7\u00f5es, bem como as representa\u00e7\u00f5es diplom\u00e1ticas e consulares da Costa do Marfim no exterior.<\/p>\n\n\n\n<p>A abordagem adotada para disseminar esta tecnologia inovadora baseia-se em duas estrat\u00e9gias principais. Primeiramente, atrav\u00e9s de sess\u00f5es de forma\u00e7\u00e3o regionais que visam atingir os centros de registo civil nas suas respectivas regi\u00f5es. Este m\u00e9todo, testado com sucesso, permite que os participantes se familiarizem com o software ap\u00f3s alguns dias de treino que envolvem um acompanhamento personalizado. Em seguida, uma estrat\u00e9gia mais espec\u00edfica consiste em organizar sess\u00f5es de forma\u00e7\u00e3o diretamente no centro da ONECI, atendendo assim ao pedido expresso pelas autoridades locais para a implementa\u00e7\u00e3o do Cityweb nos seus munic\u00edpios.<\/p>\n\n\n\n<p>Ap\u00f3s a conclus\u00e3o da forma\u00e7\u00e3o, os participantes receber\u00e3o kits de inform\u00e1tica para iniciar o uso pr\u00e1tico do software nos seus respectivos centros de registo civil. Esta abordagem pr\u00e1tica visa garantir uma transi\u00e7\u00e3o suave para o uso di\u00e1rio do Cityweb.<\/p>\n\n\n\n<p>O Cityweb representa um avan\u00e7o significativo na gest\u00e3o do registo civil na Costa do Marfim. As suas funcionalidades permitem acompanhar em tempo real todos os eventos relacionados com o estado civil dos indiv\u00edduos, oferecendo assim uma interoperabilidade eficaz entre os diferentes centros de registo civil do pa\u00eds. Desta forma, deixa de ser necess\u00e1rio transmitir manualmente documentos de um centro para outro, uma vez que as informa\u00e7\u00f5es s\u00e3o atualizadas automaticamente em todo o sistema. Este aumento de efici\u00eancia refor\u00e7a a credibilidade e a confiabilidade do sistema de registo civil da Costa do Marfim.<\/p>\n\n\n\n<p>Paralelamente, foi lan\u00e7ada uma empresa de desmaterializa\u00e7\u00e3o dos registos civis do pa\u00eds, com a realiza\u00e7\u00e3o de um piloto na prefeitura de Grand-Bassam, que foi conclu\u00eddo com sucesso, abrindo caminho para a digitaliza\u00e7\u00e3o, indexa\u00e7\u00e3o e arquivamento eletr\u00f3nico dos registos civis do pa\u00eds no banco de dados centralizado do Cityweb.<\/p>\n\n\n\n<p>Este processo tamb\u00e9m possibilitou o lan\u00e7amento de um servi\u00e7o online de solicita\u00e7\u00e3o de extratos ou c\u00f3pias integrais de registos desmaterializados ou inseridos inicialmente no Cityweb.<\/p>\n\n\n\n<p>O bem-sucedido lan\u00e7amento da fase de generaliza\u00e7\u00e3o do Cityweb, iniciada a 10 de mar\u00e7o de 2023 em Yamoussoukro, pelo Ministro do Interior e Seguran\u00e7a, o General Vagondo Diamonde, demonstra o compromisso firme do governo da Costa do Marfim em modernizar as suas institui\u00e7\u00f5es para melhor servir os seus cidad\u00e3os e aumentar significativamente o registo de nascimentos para finalmente conceder todos os direitos de exist\u00eancia legal devidos \u00e0s crian\u00e7as na Costa do Marfim.<\/p>\n\n\n\n<p>A nova fase de implementa\u00e7\u00e3o do Cityweb nos cart\u00f3rios civis e nas estruturas de sa\u00fade para notifica\u00e7\u00f5es de nascimentos e \u00f3bitos, que come\u00e7ou em janeiro de 2024, tem como objetivo equipar 80% dos centros de registo civil do pa\u00eds at\u00e9 final de 2024 e pelo menos 400 centros de registo civil at\u00e9 junho de 2024.<\/p>\n\n\n\n<p>A implementa\u00e7\u00e3o do projeto de registo civil pela ONECI, em parceria com a Semlex, representa um marco importante na moderniza\u00e7\u00e3o do registo civil na Costa do Marfim. Gra\u00e7as ao Cityweb, o pa\u00eds conta com uma ferramenta poderosa e confi\u00e1vel para gerir eficientemente os dados essenciais da vida dos seus cidad\u00e3os, contribuindo assim para o fortalecimento da administra\u00e7\u00e3o p\u00fablica e a consolida\u00e7\u00e3o do Estado de Direito.<\/p>\n\n\n\n<p><\/p>\n\n\n\n<figure class=\"wp-block-gallery has-nested-images columns-default is-cropped wp-block-gallery-1 is-layout-flex wp-block-gallery-is-layout-flex\">\n<figure class=\"wp-block-image size-large\"><img loading=\"lazy\" decoding=\"async\" width=\"1008\" height=\"756\" data-id=\"14799\" src=\"https:\/\/www.semlex.com\/wp-content\/uploads\/2024\/02\/semlex-formation-etat-civil-oneci5-1.jpg\" alt=\"\" class=\"wp-image-14799\" srcset=\"https:\/\/www.semlex.com\/wp-content\/uploads\/2024\/02\/semlex-formation-etat-civil-oneci5-1.jpg 1008w, https:\/\/www.semlex.com\/wp-content\/uploads\/2024\/02\/semlex-formation-etat-civil-oneci5-1-300x225.jpg 300w, https:\/\/www.semlex.com\/wp-content\/uploads\/2024\/02\/semlex-formation-etat-civil-oneci5-1-768x576.jpg 768w\" sizes=\"auto, (max-width: 1008px) 100vw, 1008px\" \/><\/figure>\n<\/figure>\n","protected":false},"excerpt":{"rendered":"<p>O Escrit\u00f3rio Nacional de Registo Civil e Identifica\u00e7\u00e3o (ONECI) da Costa do Marfim alcan\u00e7ou um marco crucial no seu processo de moderniza\u00e7\u00e3o com a implementa\u00e7\u00e3o efetiva do software nacional de registo civil, o Cityweb. De segunda-feira, dia 5, a quinta-feira, dia 8 de fevereiro de 2024, decorreu um evento de grande import\u00e2ncia no centro de [&hellip;]<\/p>\n","protected":false},"author":3,"featured_media":14797,"comment_status":"closed","ping_status":"open","sticky":false,"template":"","format":"standard","meta":{"_acf_changed":false,"footnotes":""},"categories":[4],"tags":[],"class_list":["post-14806","post","type-post","status-publish","format-standard","has-post-thumbnail","hentry","category-sem-categoria"],"acf":[],"yoast_head":"<!-- This site is optimized with the Yoast SEO plugin v25.5 - https:\/\/yoast.com\/wordpress\/plugins\/seo\/ -->\n<title>A moderniza\u00e7\u00e3o do Registo Civil na Costa do Marfim - Semlex<\/title>\n<meta name=\"description\" content=\"Esta iniciativa reflete o compromisso inabal\u00e1vel da Semlex e da ONECI em fornecer aos funcion\u00e1rios do Estado as ferramentas necess\u00e1rias para uma gest\u00e3o eficiente do registo civil.\" \/>\n<meta name=\"robots\" content=\"index, follow, max-snippet:-1, max-image-preview:large, max-video-preview:-1\" \/>\n<link rel=\"canonical\" href=\"https:\/\/www.semlex.com\/pt-pt\/2024\/02\/12\/la-modernisation-de-letat-civil-en-cote-divoire\/\" \/>\n<meta property=\"og:locale\" content=\"pt_PT\" \/>\n<meta property=\"og:type\" content=\"article\" \/>\n<meta property=\"og:title\" content=\"A moderniza\u00e7\u00e3o do Registo Civil na Costa do Marfim - Semlex\" \/>\n<meta property=\"og:description\" content=\"Esta iniciativa reflete o compromisso inabal\u00e1vel da Semlex e da ONECI em fornecer aos funcion\u00e1rios do Estado as ferramentas necess\u00e1rias para uma gest\u00e3o eficiente do registo civil.\" \/>\n<meta property=\"og:url\" content=\"https:\/\/www.semlex.com\/pt-pt\/2024\/02\/12\/la-modernisation-de-letat-civil-en-cote-divoire\/\" \/>\n<meta property=\"og:site_name\" content=\"Semlex\" \/>\n<meta property=\"article:publisher\" content=\"https:\/\/www.facebook.com\/semlexgroup\" \/>\n<meta property=\"article:published_time\" content=\"2024-02-12T11:25:55+00:00\" \/>\n<meta property=\"article:modified_time\" content=\"2025-07-18T14:53:53+00:00\" \/>\n<meta property=\"og:image\" content=\"https:\/\/www.semlex.com\/wp-content\/uploads\/2024\/02\/semlex-modernisation-etat-civil-cityweb.png\" \/>\n\t<meta property=\"og:image:width\" content=\"900\" \/>\n\t<meta property=\"og:image:height\" content=\"547\" \/>\n\t<meta property=\"og:image:type\" content=\"image\/png\" \/>\n<meta name=\"author\" content=\"Celine gomes\" \/>\n<meta name=\"twitter:card\" content=\"summary_large_image\" \/>\n<meta name=\"twitter:label1\" content=\"Escrito por\" \/>\n\t<meta name=\"twitter:data1\" content=\"Celine gomes\" \/>\n\t<meta name=\"twitter:label2\" content=\"Tempo estimado de leitura\" \/>\n\t<meta name=\"twitter:data2\" content=\"4 minutos\" \/>\n<script type=\"application\/ld+json\" class=\"yoast-schema-graph\">{\"@context\":\"https:\/\/schema.org\",\"@graph\":[{\"@type\":\"Article\",\"@id\":\"https:\/\/www.semlex.com\/pt-pt\/2024\/02\/12\/la-modernisation-de-letat-civil-en-cote-divoire\/#article\",\"isPartOf\":{\"@id\":\"https:\/\/www.semlex.com\/pt-pt\/2024\/02\/12\/la-modernisation-de-letat-civil-en-cote-divoire\/\"},\"author\":{\"name\":\"Celine gomes\",\"@id\":\"https:\/\/www.semlex.com\/#\/schema\/person\/aa147ec84ea1317159ed8eed8c4aea71\"},\"headline\":\"A moderniza\u00e7\u00e3o do Registo Civil na Costa do Marfim\",\"datePublished\":\"2024-02-12T11:25:55+00:00\",\"dateModified\":\"2025-07-18T14:53:53+00:00\",\"mainEntityOfPage\":{\"@id\":\"https:\/\/www.semlex.com\/pt-pt\/2024\/02\/12\/la-modernisation-de-letat-civil-en-cote-divoire\/\"},\"wordCount\":756,\"publisher\":{\"@id\":\"https:\/\/www.semlex.com\/#organization\"},\"image\":{\"@id\":\"https:\/\/www.semlex.com\/pt-pt\/2024\/02\/12\/la-modernisation-de-letat-civil-en-cote-divoire\/#primaryimage\"},\"thumbnailUrl\":\"https:\/\/www.semlex.com\/wp-content\/uploads\/2024\/02\/semlex-modernisation-etat-civil-cityweb.png\",\"inLanguage\":\"pt-PT\"},{\"@type\":\"WebPage\",\"@id\":\"https:\/\/www.semlex.com\/pt-pt\/2024\/02\/12\/la-modernisation-de-letat-civil-en-cote-divoire\/\",\"url\":\"https:\/\/www.semlex.com\/pt-pt\/2024\/02\/12\/la-modernisation-de-letat-civil-en-cote-divoire\/\",\"name\":\"A moderniza\u00e7\u00e3o do Registo Civil na Costa do Marfim - Semlex\",\"isPartOf\":{\"@id\":\"https:\/\/www.semlex.com\/#website\"},\"primaryImageOfPage\":{\"@id\":\"https:\/\/www.semlex.com\/pt-pt\/2024\/02\/12\/la-modernisation-de-letat-civil-en-cote-divoire\/#primaryimage\"},\"image\":{\"@id\":\"https:\/\/www.semlex.com\/pt-pt\/2024\/02\/12\/la-modernisation-de-letat-civil-en-cote-divoire\/#primaryimage\"},\"thumbnailUrl\":\"https:\/\/www.semlex.com\/wp-content\/uploads\/2024\/02\/semlex-modernisation-etat-civil-cityweb.png\",\"datePublished\":\"2024-02-12T11:25:55+00:00\",\"dateModified\":\"2025-07-18T14:53:53+00:00\",\"description\":\"Esta iniciativa reflete o compromisso inabal\u00e1vel da Semlex e da ONECI em fornecer aos funcion\u00e1rios do Estado as ferramentas necess\u00e1rias para uma gest\u00e3o eficiente do registo civil.\",\"breadcrumb\":{\"@id\":\"https:\/\/www.semlex.com\/pt-pt\/2024\/02\/12\/la-modernisation-de-letat-civil-en-cote-divoire\/#breadcrumb\"},\"inLanguage\":\"pt-PT\",\"potentialAction\":[{\"@type\":\"ReadAction\",\"target\":[\"https:\/\/www.semlex.com\/pt-pt\/2024\/02\/12\/la-modernisation-de-letat-civil-en-cote-divoire\/\"]}]},{\"@type\":\"ImageObject\",\"inLanguage\":\"pt-PT\",\"@id\":\"https:\/\/www.semlex.com\/pt-pt\/2024\/02\/12\/la-modernisation-de-letat-civil-en-cote-divoire\/#primaryimage\",\"url\":\"https:\/\/www.semlex.com\/wp-content\/uploads\/2024\/02\/semlex-modernisation-etat-civil-cityweb.png\",\"contentUrl\":\"https:\/\/www.semlex.com\/wp-content\/uploads\/2024\/02\/semlex-modernisation-etat-civil-cityweb.png\",\"width\":900,\"height\":547},{\"@type\":\"BreadcrumbList\",\"@id\":\"https:\/\/www.semlex.com\/pt-pt\/2024\/02\/12\/la-modernisation-de-letat-civil-en-cote-divoire\/#breadcrumb\",\"itemListElement\":[{\"@type\":\"ListItem\",\"position\":1,\"name\":\"Home\",\"item\":\"https:\/\/www.semlex.com\/pt-pt\/\"},{\"@type\":\"ListItem\",\"position\":2,\"name\":\"A moderniza\u00e7\u00e3o do Registo Civil na Costa do Marfim\"}]},{\"@type\":\"WebSite\",\"@id\":\"https:\/\/www.semlex.com\/#website\",\"url\":\"https:\/\/www.semlex.com\/\",\"name\":\"Semlex\",\"description\":\"For a secure world\",\"publisher\":{\"@id\":\"https:\/\/www.semlex.com\/#organization\"},\"potentialAction\":[{\"@type\":\"SearchAction\",\"target\":{\"@type\":\"EntryPoint\",\"urlTemplate\":\"https:\/\/www.semlex.com\/?s={search_term_string}\"},\"query-input\":{\"@type\":\"PropertyValueSpecification\",\"valueRequired\":true,\"valueName\":\"search_term_string\"}}],\"inLanguage\":\"pt-PT\"},{\"@type\":\"Organization\",\"@id\":\"https:\/\/www.semlex.com\/#organization\",\"name\":\"Semlex\",\"url\":\"https:\/\/www.semlex.com\/\",\"logo\":{\"@type\":\"ImageObject\",\"inLanguage\":\"pt-PT\",\"@id\":\"https:\/\/www.semlex.com\/#\/schema\/logo\/image\/\",\"url\":\"https:\/\/www.semlex.com\/wp-content\/uploads\/2022\/12\/logo_semlex.svg\",\"contentUrl\":\"https:\/\/www.semlex.com\/wp-content\/uploads\/2022\/12\/logo_semlex.svg\",\"caption\":\"Semlex\"},\"image\":{\"@id\":\"https:\/\/www.semlex.com\/#\/schema\/logo\/image\/\"},\"sameAs\":[\"https:\/\/www.facebook.com\/semlexgroup\"]},{\"@type\":\"Person\",\"@id\":\"https:\/\/www.semlex.com\/#\/schema\/person\/aa147ec84ea1317159ed8eed8c4aea71\",\"name\":\"Celine gomes\",\"image\":{\"@type\":\"ImageObject\",\"inLanguage\":\"pt-PT\",\"@id\":\"https:\/\/www.semlex.com\/#\/schema\/person\/image\/\",\"url\":\"https:\/\/secure.gravatar.com\/avatar\/e53ef5ca3abb15d8cc8e238877c76a94a34e1dca1a8bde08bc1088f71d7553f0?s=96&d=mm&r=g\",\"contentUrl\":\"https:\/\/secure.gravatar.com\/avatar\/e53ef5ca3abb15d8cc8e238877c76a94a34e1dca1a8bde08bc1088f71d7553f0?s=96&d=mm&r=g\",\"caption\":\"Celine gomes\"},\"url\":\"https:\/\/www.semlex.com\/pt-pt\/author\/c-gomes\/\"}]}<\/script>\n<!-- \/ Yoast SEO plugin. -->","yoast_head_json":{"title":"A moderniza\u00e7\u00e3o do Registo Civil na Costa do Marfim - Semlex","description":"Esta iniciativa reflete o compromisso inabal\u00e1vel da Semlex e da ONECI em fornecer aos funcion\u00e1rios do Estado as ferramentas necess\u00e1rias para uma gest\u00e3o eficiente do registo civil.","robots":{"index":"index","follow":"follow","max-snippet":"max-snippet:-1","max-image-preview":"max-image-preview:large","max-video-preview":"max-video-preview:-1"},"canonical":"https:\/\/www.semlex.com\/pt-pt\/2024\/02\/12\/la-modernisation-de-letat-civil-en-cote-divoire\/","og_locale":"pt_PT","og_type":"article","og_title":"A moderniza\u00e7\u00e3o do Registo Civil na Costa do Marfim - Semlex","og_description":"Esta iniciativa reflete o compromisso inabal\u00e1vel da Semlex e da ONECI em fornecer aos funcion\u00e1rios do Estado as ferramentas necess\u00e1rias para uma gest\u00e3o eficiente do registo civil.","og_url":"https:\/\/www.semlex.com\/pt-pt\/2024\/02\/12\/la-modernisation-de-letat-civil-en-cote-divoire\/","og_site_name":"Semlex","article_publisher":"https:\/\/www.facebook.com\/semlexgroup","article_published_time":"2024-02-12T11:25:55+00:00","article_modified_time":"2025-07-18T14:53:53+00:00","og_image":[{"width":900,"height":547,"url":"https:\/\/www.semlex.com\/wp-content\/uploads\/2024\/02\/semlex-modernisation-etat-civil-cityweb.png","type":"image\/png"}],"author":"Celine gomes","twitter_card":"summary_large_image","twitter_misc":{"Escrito por":"Celine gomes","Tempo estimado de leitura":"4 minutos"},"schema":{"@context":"https:\/\/schema.org","@graph":[{"@type":"Article","@id":"https:\/\/www.semlex.com\/pt-pt\/2024\/02\/12\/la-modernisation-de-letat-civil-en-cote-divoire\/#article","isPartOf":{"@id":"https:\/\/www.semlex.com\/pt-pt\/2024\/02\/12\/la-modernisation-de-letat-civil-en-cote-divoire\/"},"author":{"name":"Celine gomes","@id":"https:\/\/www.semlex.com\/#\/schema\/person\/aa147ec84ea1317159ed8eed8c4aea71"},"headline":"A moderniza\u00e7\u00e3o do Registo Civil na Costa do Marfim","datePublished":"2024-02-12T11:25:55+00:00","dateModified":"2025-07-18T14:53:53+00:00","mainEntityOfPage":{"@id":"https:\/\/www.semlex.com\/pt-pt\/2024\/02\/12\/la-modernisation-de-letat-civil-en-cote-divoire\/"},"wordCount":756,"publisher":{"@id":"https:\/\/www.semlex.com\/#organization"},"image":{"@id":"https:\/\/www.semlex.com\/pt-pt\/2024\/02\/12\/la-modernisation-de-letat-civil-en-cote-divoire\/#primaryimage"},"thumbnailUrl":"https:\/\/www.semlex.com\/wp-content\/uploads\/2024\/02\/semlex-modernisation-etat-civil-cityweb.png","inLanguage":"pt-PT"},{"@type":"WebPage","@id":"https:\/\/www.semlex.com\/pt-pt\/2024\/02\/12\/la-modernisation-de-letat-civil-en-cote-divoire\/","url":"https:\/\/www.semlex.com\/pt-pt\/2024\/02\/12\/la-modernisation-de-letat-civil-en-cote-divoire\/","name":"A moderniza\u00e7\u00e3o do Registo Civil na Costa do Marfim - Semlex","isPartOf":{"@id":"https:\/\/www.semlex.com\/#website"},"primaryImageOfPage":{"@id":"https:\/\/www.semlex.com\/pt-pt\/2024\/02\/12\/la-modernisation-de-letat-civil-en-cote-divoire\/#primaryimage"},"image":{"@id":"https:\/\/www.semlex.com\/pt-pt\/2024\/02\/12\/la-modernisation-de-letat-civil-en-cote-divoire\/#primaryimage"},"thumbnailUrl":"https:\/\/www.semlex.com\/wp-content\/uploads\/2024\/02\/semlex-modernisation-etat-civil-cityweb.png","datePublished":"2024-02-12T11:25:55+00:00","dateModified":"2025-07-18T14:53:53+00:00","description":"Esta iniciativa reflete o compromisso inabal\u00e1vel da Semlex e da ONECI em fornecer aos funcion\u00e1rios do Estado as ferramentas necess\u00e1rias para uma gest\u00e3o eficiente do registo civil.","breadcrumb":{"@id":"https:\/\/www.semlex.com\/pt-pt\/2024\/02\/12\/la-modernisation-de-letat-civil-en-cote-divoire\/#breadcrumb"},"inLanguage":"pt-PT","potentialAction":[{"@type":"ReadAction","target":["https:\/\/www.semlex.com\/pt-pt\/2024\/02\/12\/la-modernisation-de-letat-civil-en-cote-divoire\/"]}]},{"@type":"ImageObject","inLanguage":"pt-PT","@id":"https:\/\/www.semlex.com\/pt-pt\/2024\/02\/12\/la-modernisation-de-letat-civil-en-cote-divoire\/#primaryimage","url":"https:\/\/www.semlex.com\/wp-content\/uploads\/2024\/02\/semlex-modernisation-etat-civil-cityweb.png","contentUrl":"https:\/\/www.semlex.com\/wp-content\/uploads\/2024\/02\/semlex-modernisation-etat-civil-cityweb.png","width":900,"height":547},{"@type":"BreadcrumbList","@id":"https:\/\/www.semlex.com\/pt-pt\/2024\/02\/12\/la-modernisation-de-letat-civil-en-cote-divoire\/#breadcrumb","itemListElement":[{"@type":"ListItem","position":1,"name":"Home","item":"https:\/\/www.semlex.com\/pt-pt\/"},{"@type":"ListItem","position":2,"name":"A moderniza\u00e7\u00e3o do Registo Civil na Costa do Marfim"}]},{"@type":"WebSite","@id":"https:\/\/www.semlex.com\/#website","url":"https:\/\/www.semlex.com\/","name":"Semlex","description":"For a secure world","publisher":{"@id":"https:\/\/www.semlex.com\/#organization"},"potentialAction":[{"@type":"SearchAction","target":{"@type":"EntryPoint","urlTemplate":"https:\/\/www.semlex.com\/?s={search_term_string}"},"query-input":{"@type":"PropertyValueSpecification","valueRequired":true,"valueName":"search_term_string"}}],"inLanguage":"pt-PT"},{"@type":"Organization","@id":"https:\/\/www.semlex.com\/#organization","name":"Semlex","url":"https:\/\/www.semlex.com\/","logo":{"@type":"ImageObject","inLanguage":"pt-PT","@id":"https:\/\/www.semlex.com\/#\/schema\/logo\/image\/","url":"https:\/\/www.semlex.com\/wp-content\/uploads\/2022\/12\/logo_semlex.svg","contentUrl":"https:\/\/www.semlex.com\/wp-content\/uploads\/2022\/12\/logo_semlex.svg","caption":"Semlex"},"image":{"@id":"https:\/\/www.semlex.com\/#\/schema\/logo\/image\/"},"sameAs":["https:\/\/www.facebook.com\/semlexgroup"]},{"@type":"Person","@id":"https:\/\/www.semlex.com\/#\/schema\/person\/aa147ec84ea1317159ed8eed8c4aea71","name":"Celine gomes","image":{"@type":"ImageObject","inLanguage":"pt-PT","@id":"https:\/\/www.semlex.com\/#\/schema\/person\/image\/","url":"https:\/\/secure.gravatar.com\/avatar\/e53ef5ca3abb15d8cc8e238877c76a94a34e1dca1a8bde08bc1088f71d7553f0?s=96&d=mm&r=g","contentUrl":"https:\/\/secure.gravatar.com\/avatar\/e53ef5ca3abb15d8cc8e238877c76a94a34e1dca1a8bde08bc1088f71d7553f0?s=96&d=mm&r=g","caption":"Celine gomes"},"url":"https:\/\/www.semlex.com\/pt-pt\/author\/c-gomes\/"}]}},"_links":{"self":[{"href":"https:\/\/www.semlex.com\/pt-pt\/wp-json\/wp\/v2\/posts\/14806","targetHints":{"allow":["GET"]}}],"collection":[{"href":"https:\/\/www.semlex.com\/pt-pt\/wp-json\/wp\/v2\/posts"}],"about":[{"href":"https:\/\/www.semlex.com\/pt-pt\/wp-json\/wp\/v2\/types\/post"}],"author":[{"embeddable":true,"href":"https:\/\/www.semlex.com\/pt-pt\/wp-json\/wp\/v2\/users\/3"}],"replies":[{"embeddable":true,"href":"https:\/\/www.semlex.com\/pt-pt\/wp-json\/wp\/v2\/comments?post=14806"}],"version-history":[{"count":5,"href":"https:\/\/www.semlex.com\/pt-pt\/wp-json\/wp\/v2\/posts\/14806\/revisions"}],"predecessor-version":[{"id":14818,"href":"https:\/\/www.semlex.com\/pt-pt\/wp-json\/wp\/v2\/posts\/14806\/revisions\/14818"}],"wp:featuredmedia":[{"embeddable":true,"href":"https:\/\/www.semlex.com\/pt-pt\/wp-json\/wp\/v2\/media\/14797"}],"wp:attachment":[{"href":"https:\/\/www.semlex.com\/pt-pt\/wp-json\/wp\/v2\/media?parent=14806"}],"wp:term":[{"taxonomy":"category","embeddable":true,"href":"https:\/\/www.semlex.com\/pt-pt\/wp-json\/wp\/v2\/categories?post=14806"},{"taxonomy":"post_tag","embeddable":true,"href":"https:\/\/www.semlex.com\/pt-pt\/wp-json\/wp\/v2\/tags?post=14806"}],"curies":[{"name":"wp","href":"https:\/\/api.w.org\/{rel}","templated":true}]}}