{"id":13716,"date":"2023-04-11T14:37:34","date_gmt":"2023-04-11T12:37:34","guid":{"rendered":"https:\/\/www.semlex.com\/?p=13716"},"modified":"2025-07-18T16:53:54","modified_gmt":"2025-07-18T14:53:54","slug":"inscricao-internacional","status":"publish","type":"post","link":"https:\/\/www.semlex.com\/pt-pt\/2023\/04\/11\/inscricao-internacional\/","title":{"rendered":"Inscri\u00e7\u00e3o\u00a0internacional"},"content":{"rendered":"\n<p><\/p>\n\n\n\n<p>Desde 2019, a Semlex \u00e9 parceira da Costa do Marfim para a cria\u00e7\u00e3o do Registo Nacional de Pessoas F\u00edsicas. Em colabora\u00e7\u00e3o com a ONECI, a nossa subsidi\u00e1ria Semlex Costa do Marfim tem feito parte do sucesso do ambicioso projeto de identifica\u00e7\u00e3o digital na Costa do Marfim, que visa estabelecer um modelo de registo civil moderno e um sistema de identidade seguro.<\/p>\n\n\n\n<p>Nos \u00faltimos meses, os marfinenses que vivem no estrangeiro j\u00e1 puderam realizar a sua inscri\u00e7\u00e3o para a obten\u00e7\u00e3o do seu cart\u00e3o de identidade nacional. No continente africano, este modelo de inscri\u00e7\u00e3o internacional teve in\u00edcio no Senegal, o primeiro pa\u00eds africano a receber um conjunto de a\u00e7\u00f5es de forma\u00e7\u00e3o tendo em vista o funcionamento efetivo das inscri\u00e7\u00f5es da popula\u00e7\u00e3o marfinense no seu territ\u00f3rio.<\/p>\n\n\n\n<p>A equipa da ONECI tamb\u00e9m viajou para tr\u00eas grandes capitais europeias (Bruxelas, Roma e Paris) com o objectivo de fornecer \u00e0s embaixadas o treino e os equipamentos necess\u00e1rios \u00e0 realiza\u00e7\u00e3o das inscri\u00e7\u00f5es. Esta ferramenta da inscri\u00e7\u00e3o internacional acabou de come\u00e7ar e ir\u00e1 estender-se&nbsp;\u00e0s representa\u00e7\u00f5es do Estado marfinense no estrangeiro.<\/p>\n\n\n\n<p>Como parceira t\u00e9cnica da ONECI, a Semlex est\u00e1 particularmente orgulhosa desta colabora\u00e7\u00e3o.<\/p>\n","protected":false},"excerpt":{"rendered":"<p>Desde 2019, a Semlex \u00e9 parceira da Costa do Marfim para a cria\u00e7\u00e3o do Registo Nacional de Pessoas F\u00edsicas. Em colabora\u00e7\u00e3o com a ONECI, a nossa subsidi\u00e1ria Semlex Costa do Marfim tem feito parte do sucesso do ambicioso projeto de identifica\u00e7\u00e3o digital na Costa do Marfim, que visa estabelecer um modelo de registo civil moderno [&hellip;]<\/p>\n","protected":false},"author":3,"featured_media":13711,"comment_status":"closed","ping_status":"open","sticky":false,"template":"","format":"standard","meta":{"_acf_changed":false,"footnotes":""},"categories":[4],"tags":[],"class_list":["post-13716","post","type-post","status-publish","format-standard","has-post-thumbnail","hentry","category-sem-categoria"],"acf":[],"yoast_head":"<!-- This site is optimized with the Yoast SEO plugin v25.5 - https:\/\/yoast.com\/wordpress\/plugins\/seo\/ -->\n<title>Inscri\u00e7\u00e3o\u00a0internacional - Semlex<\/title>\n<meta name=\"description\" content=\"Nos \u00faltimos meses, os marfinenses que vivem no estrangeiro j\u00e1 puderam realizar a sua inscri\u00e7\u00e3o para a obten\u00e7\u00e3o do seu cart\u00e3o de identidade nacional.\" \/>\n<meta name=\"robots\" content=\"index, follow, max-snippet:-1, max-image-preview:large, max-video-preview:-1\" \/>\n<link rel=\"canonical\" href=\"https:\/\/www.semlex.com\/pt-pt\/2023\/04\/11\/inscricao-internacional\/\" \/>\n<meta property=\"og:locale\" content=\"pt_PT\" \/>\n<meta property=\"og:type\" content=\"article\" \/>\n<meta property=\"og:title\" content=\"Inscri\u00e7\u00e3o\u00a0internacional - Semlex\" \/>\n<meta property=\"og:description\" content=\"Nos \u00faltimos meses, os marfinenses que vivem no estrangeiro j\u00e1 puderam realizar a sua inscri\u00e7\u00e3o para a obten\u00e7\u00e3o do seu cart\u00e3o de identidade nacional.\" \/>\n<meta property=\"og:url\" content=\"https:\/\/www.semlex.com\/pt-pt\/2023\/04\/11\/inscricao-internacional\/\" \/>\n<meta property=\"og:site_name\" content=\"Semlex\" \/>\n<meta property=\"article:publisher\" content=\"https:\/\/www.facebook.com\/semlexgroup\" \/>\n<meta property=\"article:published_time\" content=\"2023-04-11T12:37:34+00:00\" \/>\n<meta property=\"article:modified_time\" content=\"2025-07-18T14:53:54+00:00\" \/>\n<meta property=\"og:image\" content=\"https:\/\/www.semlex.com\/wp-content\/uploads\/2023\/02\/semlex-enrolement-international-cote-d-ivoire.png\" \/>\n\t<meta property=\"og:image:width\" content=\"1366\" \/>\n\t<meta property=\"og:image:height\" content=\"768\" \/>\n\t<meta property=\"og:image:type\" content=\"image\/png\" \/>\n<meta name=\"author\" content=\"Celine gomes\" \/>\n<meta name=\"twitter:card\" content=\"summary_large_image\" \/>\n<meta name=\"twitter:label1\" content=\"Escrito por\" \/>\n\t<meta name=\"twitter:data1\" content=\"Celine gomes\" \/>\n\t<meta name=\"twitter:label2\" content=\"Tempo estimado de leitura\" \/>\n\t<meta name=\"twitter:data2\" content=\"1 minuto\" \/>\n<script type=\"application\/ld+json\" class=\"yoast-schema-graph\">{\"@context\":\"https:\/\/schema.org\",\"@graph\":[{\"@type\":\"Article\",\"@id\":\"https:\/\/www.semlex.com\/pt-pt\/2023\/04\/11\/inscricao-internacional\/#article\",\"isPartOf\":{\"@id\":\"https:\/\/www.semlex.com\/pt-pt\/2023\/04\/11\/inscricao-internacional\/\"},\"author\":{\"name\":\"Celine gomes\",\"@id\":\"https:\/\/www.semlex.com\/#\/schema\/person\/aa147ec84ea1317159ed8eed8c4aea71\"},\"headline\":\"Inscri\u00e7\u00e3o\u00a0internacional\",\"datePublished\":\"2023-04-11T12:37:34+00:00\",\"dateModified\":\"2025-07-18T14:53:54+00:00\",\"mainEntityOfPage\":{\"@id\":\"https:\/\/www.semlex.com\/pt-pt\/2023\/04\/11\/inscricao-internacional\/\"},\"wordCount\":212,\"publisher\":{\"@id\":\"https:\/\/www.semlex.com\/#organization\"},\"image\":{\"@id\":\"https:\/\/www.semlex.com\/pt-pt\/2023\/04\/11\/inscricao-internacional\/#primaryimage\"},\"thumbnailUrl\":\"https:\/\/www.semlex.com\/wp-content\/uploads\/2023\/02\/semlex-enrolement-international-cote-d-ivoire.png\",\"inLanguage\":\"pt-PT\"},{\"@type\":\"WebPage\",\"@id\":\"https:\/\/www.semlex.com\/pt-pt\/2023\/04\/11\/inscricao-internacional\/\",\"url\":\"https:\/\/www.semlex.com\/pt-pt\/2023\/04\/11\/inscricao-internacional\/\",\"name\":\"Inscri\u00e7\u00e3o\u00a0internacional - Semlex\",\"isPartOf\":{\"@id\":\"https:\/\/www.semlex.com\/#website\"},\"primaryImageOfPage\":{\"@id\":\"https:\/\/www.semlex.com\/pt-pt\/2023\/04\/11\/inscricao-internacional\/#primaryimage\"},\"image\":{\"@id\":\"https:\/\/www.semlex.com\/pt-pt\/2023\/04\/11\/inscricao-internacional\/#primaryimage\"},\"thumbnailUrl\":\"https:\/\/www.semlex.com\/wp-content\/uploads\/2023\/02\/semlex-enrolement-international-cote-d-ivoire.png\",\"datePublished\":\"2023-04-11T12:37:34+00:00\",\"dateModified\":\"2025-07-18T14:53:54+00:00\",\"description\":\"Nos \u00faltimos meses, os marfinenses que vivem no estrangeiro j\u00e1 puderam realizar a sua inscri\u00e7\u00e3o para a obten\u00e7\u00e3o do seu cart\u00e3o de identidade nacional.\",\"breadcrumb\":{\"@id\":\"https:\/\/www.semlex.com\/pt-pt\/2023\/04\/11\/inscricao-internacional\/#breadcrumb\"},\"inLanguage\":\"pt-PT\",\"potentialAction\":[{\"@type\":\"ReadAction\",\"target\":[\"https:\/\/www.semlex.com\/pt-pt\/2023\/04\/11\/inscricao-internacional\/\"]}]},{\"@type\":\"ImageObject\",\"inLanguage\":\"pt-PT\",\"@id\":\"https:\/\/www.semlex.com\/pt-pt\/2023\/04\/11\/inscricao-internacional\/#primaryimage\",\"url\":\"https:\/\/www.semlex.com\/wp-content\/uploads\/2023\/02\/semlex-enrolement-international-cote-d-ivoire.png\",\"contentUrl\":\"https:\/\/www.semlex.com\/wp-content\/uploads\/2023\/02\/semlex-enrolement-international-cote-d-ivoire.png\",\"width\":1366,\"height\":768},{\"@type\":\"BreadcrumbList\",\"@id\":\"https:\/\/www.semlex.com\/pt-pt\/2023\/04\/11\/inscricao-internacional\/#breadcrumb\",\"itemListElement\":[{\"@type\":\"ListItem\",\"position\":1,\"name\":\"Home\",\"item\":\"https:\/\/www.semlex.com\/pt-pt\/\"},{\"@type\":\"ListItem\",\"position\":2,\"name\":\"Inscri\u00e7\u00e3o\u00a0internacional\"}]},{\"@type\":\"WebSite\",\"@id\":\"https:\/\/www.semlex.com\/#website\",\"url\":\"https:\/\/www.semlex.com\/\",\"name\":\"Semlex\",\"description\":\"For a secure world\",\"publisher\":{\"@id\":\"https:\/\/www.semlex.com\/#organization\"},\"potentialAction\":[{\"@type\":\"SearchAction\",\"target\":{\"@type\":\"EntryPoint\",\"urlTemplate\":\"https:\/\/www.semlex.com\/?s={search_term_string}\"},\"query-input\":{\"@type\":\"PropertyValueSpecification\",\"valueRequired\":true,\"valueName\":\"search_term_string\"}}],\"inLanguage\":\"pt-PT\"},{\"@type\":\"Organization\",\"@id\":\"https:\/\/www.semlex.com\/#organization\",\"name\":\"Semlex\",\"url\":\"https:\/\/www.semlex.com\/\",\"logo\":{\"@type\":\"ImageObject\",\"inLanguage\":\"pt-PT\",\"@id\":\"https:\/\/www.semlex.com\/#\/schema\/logo\/image\/\",\"url\":\"https:\/\/www.semlex.com\/wp-content\/uploads\/2022\/12\/logo_semlex.svg\",\"contentUrl\":\"https:\/\/www.semlex.com\/wp-content\/uploads\/2022\/12\/logo_semlex.svg\",\"caption\":\"Semlex\"},\"image\":{\"@id\":\"https:\/\/www.semlex.com\/#\/schema\/logo\/image\/\"},\"sameAs\":[\"https:\/\/www.facebook.com\/semlexgroup\"]},{\"@type\":\"Person\",\"@id\":\"https:\/\/www.semlex.com\/#\/schema\/person\/aa147ec84ea1317159ed8eed8c4aea71\",\"name\":\"Celine gomes\",\"image\":{\"@type\":\"ImageObject\",\"inLanguage\":\"pt-PT\",\"@id\":\"https:\/\/www.semlex.com\/#\/schema\/person\/image\/\",\"url\":\"https:\/\/secure.gravatar.com\/avatar\/e53ef5ca3abb15d8cc8e238877c76a94a34e1dca1a8bde08bc1088f71d7553f0?s=96&d=mm&r=g\",\"contentUrl\":\"https:\/\/secure.gravatar.com\/avatar\/e53ef5ca3abb15d8cc8e238877c76a94a34e1dca1a8bde08bc1088f71d7553f0?s=96&d=mm&r=g\",\"caption\":\"Celine gomes\"},\"url\":\"https:\/\/www.semlex.com\/pt-pt\/author\/c-gomes\/\"}]}<\/script>\n<!-- \/ Yoast SEO plugin. -->","yoast_head_json":{"title":"Inscri\u00e7\u00e3o\u00a0internacional - Semlex","description":"Nos \u00faltimos meses, os marfinenses que vivem no estrangeiro j\u00e1 puderam realizar a sua inscri\u00e7\u00e3o para a obten\u00e7\u00e3o do seu cart\u00e3o de identidade nacional.","robots":{"index":"index","follow":"follow","max-snippet":"max-snippet:-1","max-image-preview":"max-image-preview:large","max-video-preview":"max-video-preview:-1"},"canonical":"https:\/\/www.semlex.com\/pt-pt\/2023\/04\/11\/inscricao-internacional\/","og_locale":"pt_PT","og_type":"article","og_title":"Inscri\u00e7\u00e3o\u00a0internacional - Semlex","og_description":"Nos \u00faltimos meses, os marfinenses que vivem no estrangeiro j\u00e1 puderam realizar a sua inscri\u00e7\u00e3o para a obten\u00e7\u00e3o do seu cart\u00e3o de identidade nacional.","og_url":"https:\/\/www.semlex.com\/pt-pt\/2023\/04\/11\/inscricao-internacional\/","og_site_name":"Semlex","article_publisher":"https:\/\/www.facebook.com\/semlexgroup","article_published_time":"2023-04-11T12:37:34+00:00","article_modified_time":"2025-07-18T14:53:54+00:00","og_image":[{"width":1366,"height":768,"url":"https:\/\/www.semlex.com\/wp-content\/uploads\/2023\/02\/semlex-enrolement-international-cote-d-ivoire.png","type":"image\/png"}],"author":"Celine gomes","twitter_card":"summary_large_image","twitter_misc":{"Escrito por":"Celine gomes","Tempo estimado de leitura":"1 minuto"},"schema":{"@context":"https:\/\/schema.org","@graph":[{"@type":"Article","@id":"https:\/\/www.semlex.com\/pt-pt\/2023\/04\/11\/inscricao-internacional\/#article","isPartOf":{"@id":"https:\/\/www.semlex.com\/pt-pt\/2023\/04\/11\/inscricao-internacional\/"},"author":{"name":"Celine gomes","@id":"https:\/\/www.semlex.com\/#\/schema\/person\/aa147ec84ea1317159ed8eed8c4aea71"},"headline":"Inscri\u00e7\u00e3o\u00a0internacional","datePublished":"2023-04-11T12:37:34+00:00","dateModified":"2025-07-18T14:53:54+00:00","mainEntityOfPage":{"@id":"https:\/\/www.semlex.com\/pt-pt\/2023\/04\/11\/inscricao-internacional\/"},"wordCount":212,"publisher":{"@id":"https:\/\/www.semlex.com\/#organization"},"image":{"@id":"https:\/\/www.semlex.com\/pt-pt\/2023\/04\/11\/inscricao-internacional\/#primaryimage"},"thumbnailUrl":"https:\/\/www.semlex.com\/wp-content\/uploads\/2023\/02\/semlex-enrolement-international-cote-d-ivoire.png","inLanguage":"pt-PT"},{"@type":"WebPage","@id":"https:\/\/www.semlex.com\/pt-pt\/2023\/04\/11\/inscricao-internacional\/","url":"https:\/\/www.semlex.com\/pt-pt\/2023\/04\/11\/inscricao-internacional\/","name":"Inscri\u00e7\u00e3o\u00a0internacional - Semlex","isPartOf":{"@id":"https:\/\/www.semlex.com\/#website"},"primaryImageOfPage":{"@id":"https:\/\/www.semlex.com\/pt-pt\/2023\/04\/11\/inscricao-internacional\/#primaryimage"},"image":{"@id":"https:\/\/www.semlex.com\/pt-pt\/2023\/04\/11\/inscricao-internacional\/#primaryimage"},"thumbnailUrl":"https:\/\/www.semlex.com\/wp-content\/uploads\/2023\/02\/semlex-enrolement-international-cote-d-ivoire.png","datePublished":"2023-04-11T12:37:34+00:00","dateModified":"2025-07-18T14:53:54+00:00","description":"Nos \u00faltimos meses, os marfinenses que vivem no estrangeiro j\u00e1 puderam realizar a sua inscri\u00e7\u00e3o para a obten\u00e7\u00e3o do seu cart\u00e3o de identidade nacional.","breadcrumb":{"@id":"https:\/\/www.semlex.com\/pt-pt\/2023\/04\/11\/inscricao-internacional\/#breadcrumb"},"inLanguage":"pt-PT","potentialAction":[{"@type":"ReadAction","target":["https:\/\/www.semlex.com\/pt-pt\/2023\/04\/11\/inscricao-internacional\/"]}]},{"@type":"ImageObject","inLanguage":"pt-PT","@id":"https:\/\/www.semlex.com\/pt-pt\/2023\/04\/11\/inscricao-internacional\/#primaryimage","url":"https:\/\/www.semlex.com\/wp-content\/uploads\/2023\/02\/semlex-enrolement-international-cote-d-ivoire.png","contentUrl":"https:\/\/www.semlex.com\/wp-content\/uploads\/2023\/02\/semlex-enrolement-international-cote-d-ivoire.png","width":1366,"height":768},{"@type":"BreadcrumbList","@id":"https:\/\/www.semlex.com\/pt-pt\/2023\/04\/11\/inscricao-internacional\/#breadcrumb","itemListElement":[{"@type":"ListItem","position":1,"name":"Home","item":"https:\/\/www.semlex.com\/pt-pt\/"},{"@type":"ListItem","position":2,"name":"Inscri\u00e7\u00e3o\u00a0internacional"}]},{"@type":"WebSite","@id":"https:\/\/www.semlex.com\/#website","url":"https:\/\/www.semlex.com\/","name":"Semlex","description":"For a secure world","publisher":{"@id":"https:\/\/www.semlex.com\/#organization"},"potentialAction":[{"@type":"SearchAction","target":{"@type":"EntryPoint","urlTemplate":"https:\/\/www.semlex.com\/?s={search_term_string}"},"query-input":{"@type":"PropertyValueSpecification","valueRequired":true,"valueName":"search_term_string"}}],"inLanguage":"pt-PT"},{"@type":"Organization","@id":"https:\/\/www.semlex.com\/#organization","name":"Semlex","url":"https:\/\/www.semlex.com\/","logo":{"@type":"ImageObject","inLanguage":"pt-PT","@id":"https:\/\/www.semlex.com\/#\/schema\/logo\/image\/","url":"https:\/\/www.semlex.com\/wp-content\/uploads\/2022\/12\/logo_semlex.svg","contentUrl":"https:\/\/www.semlex.com\/wp-content\/uploads\/2022\/12\/logo_semlex.svg","caption":"Semlex"},"image":{"@id":"https:\/\/www.semlex.com\/#\/schema\/logo\/image\/"},"sameAs":["https:\/\/www.facebook.com\/semlexgroup"]},{"@type":"Person","@id":"https:\/\/www.semlex.com\/#\/schema\/person\/aa147ec84ea1317159ed8eed8c4aea71","name":"Celine gomes","image":{"@type":"ImageObject","inLanguage":"pt-PT","@id":"https:\/\/www.semlex.com\/#\/schema\/person\/image\/","url":"https:\/\/secure.gravatar.com\/avatar\/e53ef5ca3abb15d8cc8e238877c76a94a34e1dca1a8bde08bc1088f71d7553f0?s=96&d=mm&r=g","contentUrl":"https:\/\/secure.gravatar.com\/avatar\/e53ef5ca3abb15d8cc8e238877c76a94a34e1dca1a8bde08bc1088f71d7553f0?s=96&d=mm&r=g","caption":"Celine gomes"},"url":"https:\/\/www.semlex.com\/pt-pt\/author\/c-gomes\/"}]}},"_links":{"self":[{"href":"https:\/\/www.semlex.com\/pt-pt\/wp-json\/wp\/v2\/posts\/13716","targetHints":{"allow":["GET"]}}],"collection":[{"href":"https:\/\/www.semlex.com\/pt-pt\/wp-json\/wp\/v2\/posts"}],"about":[{"href":"https:\/\/www.semlex.com\/pt-pt\/wp-json\/wp\/v2\/types\/post"}],"author":[{"embeddable":true,"href":"https:\/\/www.semlex.com\/pt-pt\/wp-json\/wp\/v2\/users\/3"}],"replies":[{"embeddable":true,"href":"https:\/\/www.semlex.com\/pt-pt\/wp-json\/wp\/v2\/comments?post=13716"}],"version-history":[{"count":5,"href":"https:\/\/www.semlex.com\/pt-pt\/wp-json\/wp\/v2\/posts\/13716\/revisions"}],"predecessor-version":[{"id":14103,"href":"https:\/\/www.semlex.com\/pt-pt\/wp-json\/wp\/v2\/posts\/13716\/revisions\/14103"}],"wp:featuredmedia":[{"embeddable":true,"href":"https:\/\/www.semlex.com\/pt-pt\/wp-json\/wp\/v2\/media\/13711"}],"wp:attachment":[{"href":"https:\/\/www.semlex.com\/pt-pt\/wp-json\/wp\/v2\/media?parent=13716"}],"wp:term":[{"taxonomy":"category","embeddable":true,"href":"https:\/\/www.semlex.com\/pt-pt\/wp-json\/wp\/v2\/categories?post=13716"},{"taxonomy":"post_tag","embeddable":true,"href":"https:\/\/www.semlex.com\/pt-pt\/wp-json\/wp\/v2\/tags?post=13716"}],"curies":[{"name":"wp","href":"https:\/\/api.w.org\/{rel}","templated":true}]}}