{"id":12820,"date":"2022-02-14T08:32:34","date_gmt":"2022-02-14T07:32:34","guid":{"rendered":"https:\/\/www.semlex.com\/2022\/02\/14\/semlex-cote-divoire-premiere-edition-des-awards-de-la-securite\/"},"modified":"2025-09-01T15:03:48","modified_gmt":"2025-09-01T13:03:48","slug":"semlex-costa-do-marfim-edicao-dos-safety-awards","status":"publish","type":"post","link":"https:\/\/www.semlex.com\/pt-pt\/2022\/02\/14\/semlex-costa-do-marfim-edicao-dos-safety-awards\/","title":{"rendered":"Semlex Costa do Marfim: 1\u00aa edi\u00e7\u00e3o dos Safety Awards"},"content":{"rendered":"\n<p>No dia 28 de janeiro de 2022, a Semlex comemorou o Dia Mundial da Prote\u00e7\u00e3o de Dados.<\/p>\n\n\n\n<p>Nesta ocasi\u00e3o quisemos partilhar a 1\u00aa edi\u00e7\u00e3o dos Safety Awards organizada a 17 de dezembro de 2021 em Abidjan pela Semlex Costa do Marfim. O principal objetivo deste evento foi sensibilizar os colaboradores da Semlex Costa do Marfim para a import\u00e2ncia da seguran\u00e7a inform\u00e1tica e agradecer a quem, durante o ano de 2021, se distinguiu positivamente nesta \u00e1rea.<\/p>\n\n\n\n<p>De acordo com um estudo do CESIA (<em>Africa Information Security Experts Club<\/em>), \u201ca sensibiliza\u00e7\u00e3o e forma\u00e7\u00e3o dos colaboradores continuam a ser a primeira linha de defesa no combate ao cibercrime\u201d [1].<\/p>\n\n\n\n<p>Como explica o respons\u00e1vel de seguran\u00e7a da Semlex Costa do Marfim, Anicet Etin, &#8220;a nossa miss\u00e3o passa por definir uma pol\u00edtica de seguran\u00e7a e segui-la, implementando todas as medidas que protejam o nosso sistema de informa\u00e7\u00f5es&#8221;.<\/p>\n\n\n\n<p>Durante a cerim\u00f3nia foram atribu\u00eddos os seguintes pr\u00e9mios:<\/p>\n\n\n\n<ul class=\"wp-block-list\">\n<li><strong>AWARENESS HERO 2021<\/strong>: pr\u00e9mio destinado ao colaborador que tenha participado em todas as sess\u00f5es de sensibiliza\u00e7\u00e3o para a seguran\u00e7a;<\/li>\n\n\n\n<li><strong>PHISHING CHAMPION 2021<\/strong>: pr\u00e9mio entregue ao funcion\u00e1rio que nunca tenha acedido a e-mails de teste de phishing;<\/li>\n\n\n\n<li><strong>MALICIOUS EMAIL REPORT 2021<\/strong>: pr\u00e9mio entregue ao funcion\u00e1rio que se tenha destacado pela den\u00fancia de e-mails maliciosos (spam, phishing, etc.) ou atividades suspeitas no seu computador;<\/li>\n\n\n\n<li><strong>SECURE SUPPORT 2021<\/strong>: pr\u00e9mio atribu\u00eddo ao funcion\u00e1rio que se tenha destacado atrav\u00e9s da resolu\u00e7\u00e3o de incidentes relacionados com a seguran\u00e7a e cumprimento dos SLAs;<\/li>\n\n\n\n<li><strong>PATCH MANAGEMENT 2021<\/strong>: pr\u00e9mio entregue ao funcion\u00e1rio executante das a\u00e7\u00f5es corretivas das auditorias internas de acordo com o cronograma;<\/li>\n\n\n\n<li><strong>MELHOR SERVI\u00c7O DE SENSIBILIZA\u00c7\u00c3O 2021<\/strong>: pr\u00e9mio referente ao servi\u00e7o com a percentagem mais elevada de participantes em sess\u00f5es de sensibiliza\u00e7\u00e3o para a seguran\u00e7a de SI;<\/li>\n\n\n\n<li><strong>ADMINISTRADOR DE SEGURAN\u00c7A 2021<\/strong>: pr\u00e9mio entregue ao colaborador que tenha implementado controlos de seguran\u00e7a nas suas atividades di\u00e1rias;<\/li>\n\n\n\n<li><strong>EMBAIXADOR DE SEGURAN\u00c7A 2021<\/strong>: pr\u00e9mio atribu\u00eddo ao colaborador cuja atividade tenha promovido a seguran\u00e7a na empresa;<\/li>\n\n\n\n<li><strong>MISS\/MISTER S\u00c9CURIT\u00c9 2021<\/strong>: super pr\u00e9mio destinado ao colaborador com maior \u00edndice de aplicabilidade da pol\u00edtica de seguran\u00e7a.<\/li>\n<\/ul>\n\n\n\n<p>Sabendo que o fator humano desempenha um papel importante na preven\u00e7\u00e3o dos riscos relacionados com a seguran\u00e7a inform\u00e1tica nas empresas, o Diretor Geral da Semlex Costa do Marfim, Stanislas Le Page, agradeceu e incentivou os colaboradores a continuarem envolvidos na gest\u00e3o da seguran\u00e7a dos dados.<\/p>\n\n\n\n<p>Reviva este momento atrav\u00e9s das fotos e do nosso v\u00eddeo abaixo:<\/p>\n\n\n\n<figure class=\"wp-block-gallery has-nested-images columns-default is-cropped wp-block-gallery-1 is-layout-flex wp-block-gallery-is-layout-flex\">\n<figure class=\"wp-block-image\"><a href=\"https:\/\/www.semlex.com\/wp-content\/uploads\/2022\/12\/Semlex_Semlex-Cote-dIvoire_Securite2.png\"><img decoding=\"async\" data-id=\"7989\" src=\"https:\/\/www.semlex.com\/wp-content\/uploads\/2022\/12\/Semlex_Semlex-Cote-dIvoire_Securite2-300x200.png\" alt=\"\" class=\"wp-image-7989\"\/><\/a><\/figure>\n\n\n\n<figure class=\"wp-block-image\"><a href=\"https:\/\/www.semlex.com\/wp-content\/uploads\/2022\/12\/Semlex_Semlex-Cote-dIvoire_Securite5.png\"><img decoding=\"async\" data-id=\"8007\" src=\"https:\/\/www.semlex.com\/wp-content\/uploads\/2022\/12\/Semlex_Semlex-Cote-dIvoire_Securite5-300x200.png\" alt=\"\" class=\"wp-image-8007\"\/><\/a><\/figure>\n\n\n\n<figure class=\"wp-block-image\"><a href=\"https:\/\/www.semlex.com\/wp-content\/uploads\/2022\/12\/Semlex_Semlex-Cote-dIvoire_Securite3.png\"><img decoding=\"async\" data-id=\"7995\" src=\"https:\/\/www.semlex.com\/wp-content\/uploads\/2022\/12\/Semlex_Semlex-Cote-dIvoire_Securite3-300x199.png\" alt=\"\" class=\"wp-image-7995\"\/><\/a><\/figure>\n<\/figure>\n\n\n\n<figure class=\"wp-block-embed is-type-video is-provider-youtube wp-block-embed-youtube wp-embed-aspect-16-9 wp-has-aspect-ratio\"><div class=\"wp-block-embed__wrapper\">\n<iframe loading=\"lazy\" title=\"Semlex C\u00f4te d\u2019Ivoire : Premi\u00e8re \u00e9dition des Awards de la S\u00e9curit\u00e9\" width=\"500\" height=\"281\" src=\"https:\/\/www.youtube.com\/embed\/HWfMdtvxCT8?feature=oembed\" frameborder=\"0\" allow=\"accelerometer; autoplay; clipboard-write; encrypted-media; gyroscope; picture-in-picture; web-share\" referrerpolicy=\"strict-origin-when-cross-origin\" allowfullscreen><\/iframe>\n<\/div><\/figure>\n\n\n\n<p><strong>Fonte<\/strong>:<\/p>\n\n\n\n<p>[1] CESIA (2021). <em>Barom\u00e8tre de la cybers\u00e9curit\u00e9 en Afrique<\/em>. Disponivel <a href=\"https:\/\/lecesia.com\/wp-content\/uploads\/2021\/02\/BAROMETRE-DE-LA-CYBERSECURITE-EN-AFRIQUE-2021.pdf\">AQUI<\/a><\/p>\n","protected":false},"excerpt":{"rendered":"<p>No dia 28 de janeiro de 2022, a Semlex comemorou o Dia Mundial da Prote\u00e7\u00e3o de Dados. Nesta ocasi\u00e3o quisemos partilhar a 1\u00aa edi\u00e7\u00e3o dos Safety Awards organizada a 17 de dezembro de 2021 em Abidjan pela Semlex Costa do Marfim. O principal objetivo deste evento foi sensibilizar os colaboradores da Semlex Costa do Marfim [&hellip;]<\/p>\n","protected":false},"author":4,"featured_media":911,"comment_status":"closed","ping_status":"open","sticky":false,"template":"","format":"standard","meta":{"_acf_changed":false,"footnotes":""},"categories":[4],"tags":[],"class_list":["post-12820","post","type-post","status-publish","format-standard","has-post-thumbnail","hentry","category-sem-categoria"],"acf":[],"yoast_head":"<!-- This site is optimized with the Yoast SEO plugin v25.5 - https:\/\/yoast.com\/wordpress\/plugins\/seo\/ -->\n<title>Semlex Costa do Marfim: 1\u00aa edi\u00e7\u00e3o dos Safety Awards - Semlex<\/title>\n<meta name=\"description\" content=\"No dia 28 de janeiro de 2022, a Semlex comemorou o Dia Mundial da Prote\u00e7\u00e3o de Dados.\" \/>\n<meta name=\"robots\" content=\"index, follow, max-snippet:-1, max-image-preview:large, max-video-preview:-1\" \/>\n<link rel=\"canonical\" href=\"https:\/\/www.semlex.com\/pt-pt\/2022\/02\/14\/semlex-costa-do-marfim-edicao-dos-safety-awards\/\" \/>\n<meta property=\"og:locale\" content=\"pt_PT\" \/>\n<meta property=\"og:type\" content=\"article\" \/>\n<meta property=\"og:title\" content=\"Semlex Costa do Marfim: 1\u00aa edi\u00e7\u00e3o dos Safety Awards - Semlex\" \/>\n<meta property=\"og:description\" content=\"No dia 28 de janeiro de 2022, a Semlex comemorou o Dia Mundial da Prote\u00e7\u00e3o de Dados.\" \/>\n<meta property=\"og:url\" content=\"https:\/\/www.semlex.com\/pt-pt\/2022\/02\/14\/semlex-costa-do-marfim-edicao-dos-safety-awards\/\" \/>\n<meta property=\"og:site_name\" content=\"Semlex\" \/>\n<meta property=\"article:publisher\" content=\"https:\/\/www.facebook.com\/semlexgroup\" \/>\n<meta property=\"article:published_time\" content=\"2022-02-14T07:32:34+00:00\" \/>\n<meta property=\"article:modified_time\" content=\"2025-09-01T13:03:48+00:00\" \/>\n<meta property=\"og:image\" content=\"https:\/\/www.semlex.com\/wp-content\/uploads\/2022\/12\/Semlex_Semlex-Cote-dIvoire_Securite1-1024x682.png\" \/>\n\t<meta property=\"og:image:width\" content=\"1024\" \/>\n\t<meta property=\"og:image:height\" content=\"682\" \/>\n\t<meta property=\"og:image:type\" content=\"image\/png\" \/>\n<meta name=\"author\" content=\"Adrien Paelinck\" \/>\n<meta name=\"twitter:card\" content=\"summary_large_image\" \/>\n<meta name=\"twitter:label1\" content=\"Escrito por\" \/>\n\t<meta name=\"twitter:data1\" content=\"Adrien Paelinck\" \/>\n\t<meta name=\"twitter:label2\" content=\"Tempo estimado de leitura\" \/>\n\t<meta name=\"twitter:data2\" content=\"3 minutos\" \/>\n<script type=\"application\/ld+json\" class=\"yoast-schema-graph\">{\"@context\":\"https:\/\/schema.org\",\"@graph\":[{\"@type\":\"Article\",\"@id\":\"https:\/\/www.semlex.com\/pt-pt\/2022\/02\/14\/semlex-costa-do-marfim-edicao-dos-safety-awards\/#article\",\"isPartOf\":{\"@id\":\"https:\/\/www.semlex.com\/pt-pt\/2022\/02\/14\/semlex-costa-do-marfim-edicao-dos-safety-awards\/\"},\"author\":{\"name\":\"Adrien Paelinck\",\"@id\":\"https:\/\/www.semlex.com\/#\/schema\/person\/689ee83f15aaad1a04f256511b718410\"},\"headline\":\"Semlex Costa do Marfim: 1\u00aa edi\u00e7\u00e3o dos Safety Awards\",\"datePublished\":\"2022-02-14T07:32:34+00:00\",\"dateModified\":\"2025-09-01T13:03:48+00:00\",\"mainEntityOfPage\":{\"@id\":\"https:\/\/www.semlex.com\/pt-pt\/2022\/02\/14\/semlex-costa-do-marfim-edicao-dos-safety-awards\/\"},\"wordCount\":458,\"publisher\":{\"@id\":\"https:\/\/www.semlex.com\/#organization\"},\"image\":{\"@id\":\"https:\/\/www.semlex.com\/pt-pt\/2022\/02\/14\/semlex-costa-do-marfim-edicao-dos-safety-awards\/#primaryimage\"},\"thumbnailUrl\":\"https:\/\/www.semlex.com\/wp-content\/uploads\/2022\/12\/Semlex_Semlex-Cote-dIvoire_Securite1.png\",\"inLanguage\":\"pt-PT\"},{\"@type\":\"WebPage\",\"@id\":\"https:\/\/www.semlex.com\/pt-pt\/2022\/02\/14\/semlex-costa-do-marfim-edicao-dos-safety-awards\/\",\"url\":\"https:\/\/www.semlex.com\/pt-pt\/2022\/02\/14\/semlex-costa-do-marfim-edicao-dos-safety-awards\/\",\"name\":\"Semlex Costa do Marfim: 1\u00aa edi\u00e7\u00e3o dos Safety Awards - Semlex\",\"isPartOf\":{\"@id\":\"https:\/\/www.semlex.com\/#website\"},\"primaryImageOfPage\":{\"@id\":\"https:\/\/www.semlex.com\/pt-pt\/2022\/02\/14\/semlex-costa-do-marfim-edicao-dos-safety-awards\/#primaryimage\"},\"image\":{\"@id\":\"https:\/\/www.semlex.com\/pt-pt\/2022\/02\/14\/semlex-costa-do-marfim-edicao-dos-safety-awards\/#primaryimage\"},\"thumbnailUrl\":\"https:\/\/www.semlex.com\/wp-content\/uploads\/2022\/12\/Semlex_Semlex-Cote-dIvoire_Securite1.png\",\"datePublished\":\"2022-02-14T07:32:34+00:00\",\"dateModified\":\"2025-09-01T13:03:48+00:00\",\"description\":\"No dia 28 de janeiro de 2022, a Semlex comemorou o Dia Mundial da Prote\u00e7\u00e3o de Dados.\",\"breadcrumb\":{\"@id\":\"https:\/\/www.semlex.com\/pt-pt\/2022\/02\/14\/semlex-costa-do-marfim-edicao-dos-safety-awards\/#breadcrumb\"},\"inLanguage\":\"pt-PT\",\"potentialAction\":[{\"@type\":\"ReadAction\",\"target\":[\"https:\/\/www.semlex.com\/pt-pt\/2022\/02\/14\/semlex-costa-do-marfim-edicao-dos-safety-awards\/\"]}]},{\"@type\":\"ImageObject\",\"inLanguage\":\"pt-PT\",\"@id\":\"https:\/\/www.semlex.com\/pt-pt\/2022\/02\/14\/semlex-costa-do-marfim-edicao-dos-safety-awards\/#primaryimage\",\"url\":\"https:\/\/www.semlex.com\/wp-content\/uploads\/2022\/12\/Semlex_Semlex-Cote-dIvoire_Securite1.png\",\"contentUrl\":\"https:\/\/www.semlex.com\/wp-content\/uploads\/2022\/12\/Semlex_Semlex-Cote-dIvoire_Securite1.png\",\"width\":1930,\"height\":1286},{\"@type\":\"BreadcrumbList\",\"@id\":\"https:\/\/www.semlex.com\/pt-pt\/2022\/02\/14\/semlex-costa-do-marfim-edicao-dos-safety-awards\/#breadcrumb\",\"itemListElement\":[{\"@type\":\"ListItem\",\"position\":1,\"name\":\"Home\",\"item\":\"https:\/\/www.semlex.com\/pt-pt\/\"},{\"@type\":\"ListItem\",\"position\":2,\"name\":\"Semlex Costa do Marfim: 1\u00aa edi\u00e7\u00e3o dos Safety Awards\"}]},{\"@type\":\"WebSite\",\"@id\":\"https:\/\/www.semlex.com\/#website\",\"url\":\"https:\/\/www.semlex.com\/\",\"name\":\"Semlex\",\"description\":\"For a secure world\",\"publisher\":{\"@id\":\"https:\/\/www.semlex.com\/#organization\"},\"potentialAction\":[{\"@type\":\"SearchAction\",\"target\":{\"@type\":\"EntryPoint\",\"urlTemplate\":\"https:\/\/www.semlex.com\/?s={search_term_string}\"},\"query-input\":{\"@type\":\"PropertyValueSpecification\",\"valueRequired\":true,\"valueName\":\"search_term_string\"}}],\"inLanguage\":\"pt-PT\"},{\"@type\":\"Organization\",\"@id\":\"https:\/\/www.semlex.com\/#organization\",\"name\":\"Semlex\",\"url\":\"https:\/\/www.semlex.com\/\",\"logo\":{\"@type\":\"ImageObject\",\"inLanguage\":\"pt-PT\",\"@id\":\"https:\/\/www.semlex.com\/#\/schema\/logo\/image\/\",\"url\":\"https:\/\/www.semlex.com\/wp-content\/uploads\/2022\/12\/logo_semlex.svg\",\"contentUrl\":\"https:\/\/www.semlex.com\/wp-content\/uploads\/2022\/12\/logo_semlex.svg\",\"caption\":\"Semlex\"},\"image\":{\"@id\":\"https:\/\/www.semlex.com\/#\/schema\/logo\/image\/\"},\"sameAs\":[\"https:\/\/www.facebook.com\/semlexgroup\"]},{\"@type\":\"Person\",\"@id\":\"https:\/\/www.semlex.com\/#\/schema\/person\/689ee83f15aaad1a04f256511b718410\",\"name\":\"Adrien Paelinck\",\"image\":{\"@type\":\"ImageObject\",\"inLanguage\":\"pt-PT\",\"@id\":\"https:\/\/www.semlex.com\/#\/schema\/person\/image\/\",\"url\":\"https:\/\/secure.gravatar.com\/avatar\/bb03ec4bbe24372e845745a010e39dc94d3d20e6485179e7955cc29dc7c5e66e?s=96&d=mm&r=g\",\"contentUrl\":\"https:\/\/secure.gravatar.com\/avatar\/bb03ec4bbe24372e845745a010e39dc94d3d20e6485179e7955cc29dc7c5e66e?s=96&d=mm&r=g\",\"caption\":\"Adrien Paelinck\"},\"url\":\"https:\/\/www.semlex.com\/pt-pt\/author\/a-paelinck\/\"}]}<\/script>\n<!-- \/ Yoast SEO plugin. -->","yoast_head_json":{"title":"Semlex Costa do Marfim: 1\u00aa edi\u00e7\u00e3o dos Safety Awards - Semlex","description":"No dia 28 de janeiro de 2022, a Semlex comemorou o Dia Mundial da Prote\u00e7\u00e3o de Dados.","robots":{"index":"index","follow":"follow","max-snippet":"max-snippet:-1","max-image-preview":"max-image-preview:large","max-video-preview":"max-video-preview:-1"},"canonical":"https:\/\/www.semlex.com\/pt-pt\/2022\/02\/14\/semlex-costa-do-marfim-edicao-dos-safety-awards\/","og_locale":"pt_PT","og_type":"article","og_title":"Semlex Costa do Marfim: 1\u00aa edi\u00e7\u00e3o dos Safety Awards - Semlex","og_description":"No dia 28 de janeiro de 2022, a Semlex comemorou o Dia Mundial da Prote\u00e7\u00e3o de Dados.","og_url":"https:\/\/www.semlex.com\/pt-pt\/2022\/02\/14\/semlex-costa-do-marfim-edicao-dos-safety-awards\/","og_site_name":"Semlex","article_publisher":"https:\/\/www.facebook.com\/semlexgroup","article_published_time":"2022-02-14T07:32:34+00:00","article_modified_time":"2025-09-01T13:03:48+00:00","og_image":[{"width":1024,"height":682,"url":"https:\/\/www.semlex.com\/wp-content\/uploads\/2022\/12\/Semlex_Semlex-Cote-dIvoire_Securite1-1024x682.png","type":"image\/png"}],"author":"Adrien Paelinck","twitter_card":"summary_large_image","twitter_misc":{"Escrito por":"Adrien Paelinck","Tempo estimado de leitura":"3 minutos"},"schema":{"@context":"https:\/\/schema.org","@graph":[{"@type":"Article","@id":"https:\/\/www.semlex.com\/pt-pt\/2022\/02\/14\/semlex-costa-do-marfim-edicao-dos-safety-awards\/#article","isPartOf":{"@id":"https:\/\/www.semlex.com\/pt-pt\/2022\/02\/14\/semlex-costa-do-marfim-edicao-dos-safety-awards\/"},"author":{"name":"Adrien Paelinck","@id":"https:\/\/www.semlex.com\/#\/schema\/person\/689ee83f15aaad1a04f256511b718410"},"headline":"Semlex Costa do Marfim: 1\u00aa edi\u00e7\u00e3o dos Safety Awards","datePublished":"2022-02-14T07:32:34+00:00","dateModified":"2025-09-01T13:03:48+00:00","mainEntityOfPage":{"@id":"https:\/\/www.semlex.com\/pt-pt\/2022\/02\/14\/semlex-costa-do-marfim-edicao-dos-safety-awards\/"},"wordCount":458,"publisher":{"@id":"https:\/\/www.semlex.com\/#organization"},"image":{"@id":"https:\/\/www.semlex.com\/pt-pt\/2022\/02\/14\/semlex-costa-do-marfim-edicao-dos-safety-awards\/#primaryimage"},"thumbnailUrl":"https:\/\/www.semlex.com\/wp-content\/uploads\/2022\/12\/Semlex_Semlex-Cote-dIvoire_Securite1.png","inLanguage":"pt-PT"},{"@type":"WebPage","@id":"https:\/\/www.semlex.com\/pt-pt\/2022\/02\/14\/semlex-costa-do-marfim-edicao-dos-safety-awards\/","url":"https:\/\/www.semlex.com\/pt-pt\/2022\/02\/14\/semlex-costa-do-marfim-edicao-dos-safety-awards\/","name":"Semlex Costa do Marfim: 1\u00aa edi\u00e7\u00e3o dos Safety Awards - Semlex","isPartOf":{"@id":"https:\/\/www.semlex.com\/#website"},"primaryImageOfPage":{"@id":"https:\/\/www.semlex.com\/pt-pt\/2022\/02\/14\/semlex-costa-do-marfim-edicao-dos-safety-awards\/#primaryimage"},"image":{"@id":"https:\/\/www.semlex.com\/pt-pt\/2022\/02\/14\/semlex-costa-do-marfim-edicao-dos-safety-awards\/#primaryimage"},"thumbnailUrl":"https:\/\/www.semlex.com\/wp-content\/uploads\/2022\/12\/Semlex_Semlex-Cote-dIvoire_Securite1.png","datePublished":"2022-02-14T07:32:34+00:00","dateModified":"2025-09-01T13:03:48+00:00","description":"No dia 28 de janeiro de 2022, a Semlex comemorou o Dia Mundial da Prote\u00e7\u00e3o de Dados.","breadcrumb":{"@id":"https:\/\/www.semlex.com\/pt-pt\/2022\/02\/14\/semlex-costa-do-marfim-edicao-dos-safety-awards\/#breadcrumb"},"inLanguage":"pt-PT","potentialAction":[{"@type":"ReadAction","target":["https:\/\/www.semlex.com\/pt-pt\/2022\/02\/14\/semlex-costa-do-marfim-edicao-dos-safety-awards\/"]}]},{"@type":"ImageObject","inLanguage":"pt-PT","@id":"https:\/\/www.semlex.com\/pt-pt\/2022\/02\/14\/semlex-costa-do-marfim-edicao-dos-safety-awards\/#primaryimage","url":"https:\/\/www.semlex.com\/wp-content\/uploads\/2022\/12\/Semlex_Semlex-Cote-dIvoire_Securite1.png","contentUrl":"https:\/\/www.semlex.com\/wp-content\/uploads\/2022\/12\/Semlex_Semlex-Cote-dIvoire_Securite1.png","width":1930,"height":1286},{"@type":"BreadcrumbList","@id":"https:\/\/www.semlex.com\/pt-pt\/2022\/02\/14\/semlex-costa-do-marfim-edicao-dos-safety-awards\/#breadcrumb","itemListElement":[{"@type":"ListItem","position":1,"name":"Home","item":"https:\/\/www.semlex.com\/pt-pt\/"},{"@type":"ListItem","position":2,"name":"Semlex Costa do Marfim: 1\u00aa edi\u00e7\u00e3o dos Safety Awards"}]},{"@type":"WebSite","@id":"https:\/\/www.semlex.com\/#website","url":"https:\/\/www.semlex.com\/","name":"Semlex","description":"For a secure world","publisher":{"@id":"https:\/\/www.semlex.com\/#organization"},"potentialAction":[{"@type":"SearchAction","target":{"@type":"EntryPoint","urlTemplate":"https:\/\/www.semlex.com\/?s={search_term_string}"},"query-input":{"@type":"PropertyValueSpecification","valueRequired":true,"valueName":"search_term_string"}}],"inLanguage":"pt-PT"},{"@type":"Organization","@id":"https:\/\/www.semlex.com\/#organization","name":"Semlex","url":"https:\/\/www.semlex.com\/","logo":{"@type":"ImageObject","inLanguage":"pt-PT","@id":"https:\/\/www.semlex.com\/#\/schema\/logo\/image\/","url":"https:\/\/www.semlex.com\/wp-content\/uploads\/2022\/12\/logo_semlex.svg","contentUrl":"https:\/\/www.semlex.com\/wp-content\/uploads\/2022\/12\/logo_semlex.svg","caption":"Semlex"},"image":{"@id":"https:\/\/www.semlex.com\/#\/schema\/logo\/image\/"},"sameAs":["https:\/\/www.facebook.com\/semlexgroup"]},{"@type":"Person","@id":"https:\/\/www.semlex.com\/#\/schema\/person\/689ee83f15aaad1a04f256511b718410","name":"Adrien Paelinck","image":{"@type":"ImageObject","inLanguage":"pt-PT","@id":"https:\/\/www.semlex.com\/#\/schema\/person\/image\/","url":"https:\/\/secure.gravatar.com\/avatar\/bb03ec4bbe24372e845745a010e39dc94d3d20e6485179e7955cc29dc7c5e66e?s=96&d=mm&r=g","contentUrl":"https:\/\/secure.gravatar.com\/avatar\/bb03ec4bbe24372e845745a010e39dc94d3d20e6485179e7955cc29dc7c5e66e?s=96&d=mm&r=g","caption":"Adrien Paelinck"},"url":"https:\/\/www.semlex.com\/pt-pt\/author\/a-paelinck\/"}]}},"_links":{"self":[{"href":"https:\/\/www.semlex.com\/pt-pt\/wp-json\/wp\/v2\/posts\/12820","targetHints":{"allow":["GET"]}}],"collection":[{"href":"https:\/\/www.semlex.com\/pt-pt\/wp-json\/wp\/v2\/posts"}],"about":[{"href":"https:\/\/www.semlex.com\/pt-pt\/wp-json\/wp\/v2\/types\/post"}],"author":[{"embeddable":true,"href":"https:\/\/www.semlex.com\/pt-pt\/wp-json\/wp\/v2\/users\/4"}],"replies":[{"embeddable":true,"href":"https:\/\/www.semlex.com\/pt-pt\/wp-json\/wp\/v2\/comments?post=12820"}],"version-history":[{"count":2,"href":"https:\/\/www.semlex.com\/pt-pt\/wp-json\/wp\/v2\/posts\/12820\/revisions"}],"predecessor-version":[{"id":15358,"href":"https:\/\/www.semlex.com\/pt-pt\/wp-json\/wp\/v2\/posts\/12820\/revisions\/15358"}],"wp:featuredmedia":[{"embeddable":true,"href":"https:\/\/www.semlex.com\/pt-pt\/wp-json\/wp\/v2\/media\/911"}],"wp:attachment":[{"href":"https:\/\/www.semlex.com\/pt-pt\/wp-json\/wp\/v2\/media?parent=12820"}],"wp:term":[{"taxonomy":"category","embeddable":true,"href":"https:\/\/www.semlex.com\/pt-pt\/wp-json\/wp\/v2\/categories?post=12820"},{"taxonomy":"post_tag","embeddable":true,"href":"https:\/\/www.semlex.com\/pt-pt\/wp-json\/wp\/v2\/tags?post=12820"}],"curies":[{"name":"wp","href":"https:\/\/api.w.org\/{rel}","templated":true}]}}