{"id":12812,"date":"2022-07-12T08:22:34","date_gmt":"2022-07-12T06:22:34","guid":{"rendered":"https:\/\/www.semlex.com\/2022\/07\/12\/notre-projet-detat-civil-en-cote-divoire\/"},"modified":"2025-07-18T16:53:55","modified_gmt":"2025-07-18T14:53:55","slug":"o-nosso-projeto-de-registo-civil-na-costa-do-marfim","status":"publish","type":"post","link":"https:\/\/www.semlex.com\/pt-pt\/2022\/07\/12\/o-nosso-projeto-de-registo-civil-na-costa-do-marfim\/","title":{"rendered":"O nosso projeto de Registo Civil na Costa do Marfim"},"content":{"rendered":"\n<p>O Estado da Costa do Marfim, representado pelo Servi\u00e7o Nacional de Registo Civil e Identifica\u00e7\u00e3o (ONECI), solicitou \u00e0 Semlex aux\u00edlio t\u00e9cnico visando atingir dois objetivos principais:<\/p>\n\n\n\n<ol class=\"wp-block-list\">\n<li>Reconstruir o Registo Civil como fundamento da identidade e, consequentemente, tornar mais fi\u00e1veis todas as \u00e1reas que dele dependem;<\/li>\n\n\n\n<li>Construir e gerir um banco de dados centralizado, confi\u00e1vel e abrangente totalmente integrado e sincronizado com o subsistema de identidade RNPP.<\/li>\n<\/ol>\n\n\n\n<p>O projeto RNPP tem v\u00e1rias vantagens:<\/p>\n\n\n\n<ul class=\"wp-block-list\">\n<li>Garante fiabilidade e rapidez no processamento de todos os eventos relacionados com o registo civil;<\/li>\n\n\n\n<li>Centraliza dados de registo civil assegurando a seguran\u00e7a e a prote\u00e7\u00e3o de informa\u00e7\u00f5es pessoais;<\/li>\n\n\n\n<li>Disponibiliza um conjunto de servi\u00e7os eletr\u00f3nicos para pedidos online de documentos relativos ao registo civil e autentica\u00e7\u00e3o de atos a cidad\u00e3os e entidades p\u00fablicas e privadas;<\/li>\n\n\n\n<li>Gera dados estat\u00edsticos precisos e completos que permitem a implementa\u00e7\u00e3o de pol\u00edticas de desenvolvimento alinhadas com as necessidades das popula\u00e7\u00f5es.<\/li>\n<\/ul>\n\n\n\n<p>No dia 30 de junho de 2022, a Semlex Costa do Marfim participou no workshop de restitui\u00e7\u00e3o para a fase piloto da solu\u00e7\u00e3o &#8220;registo civil&#8221; organizado pela ONECI. O objetivo deste workshop passou por analisar os resultados da opera\u00e7\u00e3o piloto de digitaliza\u00e7\u00e3o do sistema de gest\u00e3o como parte da moderniza\u00e7\u00e3o do registo civil da Costa do Marfim, e recolher as vozes dos actores da fase piloto no terreno, das parteiras nas estruturas de sa\u00fade e dos agentes do estado nos principais centros do Registo Civil.<\/p>\n\n\n\n<p>\u201cTamb\u00e9m foi discutido o software usado para registar eventos vitais em 17 centros principais e 150 pontos de coleta de sa\u00fade distribu\u00eddos por 8 regi\u00f5es, de 21 de novembro de 2021 a 28 de fevereiro de 2022. Para a ONECI, bem como para os peritos nacionais e os parceiros t\u00e9cnicos e financeiros, tratava-se de chegar a um acordo antes da fase de generaliza\u00e7\u00e3o da digitaliza\u00e7\u00e3o do sistema de gest\u00e3o do registo civil.\u201c (ONECI, 2022)<\/p>\n\n\n\n<figure class=\"wp-block-gallery has-nested-images columns-default is-cropped wp-block-gallery-1 is-layout-flex wp-block-gallery-is-layout-flex\">\n<figure class=\"wp-block-image size-large\"><img decoding=\"async\" data-id=\"8288\" src=\"https:\/\/www.semlex.com\/wp-content\/uploads\/2022\/12\/semlex-oneci-cote-d-ivoire-etat-civil2.png\" alt=\"\" class=\"wp-image-8288\"\/><\/figure>\n\n\n\n<figure class=\"wp-block-image size-large\"><img decoding=\"async\" data-id=\"8300\" src=\"https:\/\/www.semlex.com\/wp-content\/uploads\/2022\/12\/semlex-oneci-cote-d-ivoire-etat-civil1.png\" alt=\"\" class=\"wp-image-8300\"\/><\/figure>\n<\/figure>\n\n\n\n<p>To be continued\u2026<\/p>\n","protected":false},"excerpt":{"rendered":"<p>Como parceira t\u00e9cnica do Estado da Costa do Marfim, a nossa subsidi\u00e1ria Semlex Costa do Marfim \u00e9 respons\u00e1vel pela implementa\u00e7\u00e3o efetiva do Registo Nacional de Pessoas Naturais (RNPP) h\u00e1 dois anos. Um dos tr\u00eas componentes do projeto RNPP \u00e9 a moderniza\u00e7\u00e3o do Registo Civil da Costa do Marfim.<\/p>\n","protected":false},"author":4,"featured_media":1015,"comment_status":"closed","ping_status":"open","sticky":false,"template":"","format":"standard","meta":{"_acf_changed":false,"footnotes":""},"categories":[4],"tags":[],"class_list":["post-12812","post","type-post","status-publish","format-standard","has-post-thumbnail","hentry","category-sem-categoria"],"acf":[],"yoast_head":"<!-- This site is optimized with the Yoast SEO plugin v25.5 - https:\/\/yoast.com\/wordpress\/plugins\/seo\/ -->\n<title>O nosso projeto de Registo Civil na Costa do Marfim - Semlex<\/title>\n<meta name=\"description\" content=\"O Estado da Costa do Marfim, representado pelo Servi\u00e7o Nacional de Registo Civil e Identifica\u00e7\u00e3o (ONECI), solicitou \u00e0 Semlex aux\u00edlio t\u00e9cnico visando atingir dois objetivos principais.\" \/>\n<meta name=\"robots\" content=\"index, follow, max-snippet:-1, max-image-preview:large, max-video-preview:-1\" \/>\n<link rel=\"canonical\" href=\"https:\/\/www.semlex.com\/pt-pt\/2022\/07\/12\/o-nosso-projeto-de-registo-civil-na-costa-do-marfim\/\" \/>\n<meta property=\"og:locale\" content=\"pt_PT\" \/>\n<meta property=\"og:type\" content=\"article\" \/>\n<meta property=\"og:title\" content=\"O nosso projeto de Registo Civil na Costa do Marfim - Semlex\" \/>\n<meta property=\"og:description\" content=\"O Estado da Costa do Marfim, representado pelo Servi\u00e7o Nacional de Registo Civil e Identifica\u00e7\u00e3o (ONECI), solicitou \u00e0 Semlex aux\u00edlio t\u00e9cnico visando atingir dois objetivos principais.\" \/>\n<meta property=\"og:url\" content=\"https:\/\/www.semlex.com\/pt-pt\/2022\/07\/12\/o-nosso-projeto-de-registo-civil-na-costa-do-marfim\/\" \/>\n<meta property=\"og:site_name\" content=\"Semlex\" \/>\n<meta property=\"article:publisher\" content=\"https:\/\/www.facebook.com\/semlexgroup\" \/>\n<meta property=\"article:published_time\" content=\"2022-07-12T06:22:34+00:00\" \/>\n<meta property=\"article:modified_time\" content=\"2025-07-18T14:53:55+00:00\" \/>\n<meta property=\"og:image\" content=\"https:\/\/www.semlex.com\/wp-content\/uploads\/2022\/12\/semlex-oneci-cote-d-ivoire-etat-civil3-1024x562.png\" \/>\n\t<meta property=\"og:image:width\" content=\"1024\" \/>\n\t<meta property=\"og:image:height\" content=\"562\" \/>\n\t<meta property=\"og:image:type\" content=\"image\/png\" \/>\n<meta name=\"author\" content=\"Adrien Paelinck\" \/>\n<meta name=\"twitter:card\" content=\"summary_large_image\" \/>\n<meta name=\"twitter:label1\" content=\"Escrito por\" \/>\n\t<meta name=\"twitter:data1\" content=\"Adrien Paelinck\" \/>\n\t<meta name=\"twitter:label2\" content=\"Tempo estimado de leitura\" \/>\n\t<meta name=\"twitter:data2\" content=\"2 minutos\" \/>\n<script type=\"application\/ld+json\" class=\"yoast-schema-graph\">{\"@context\":\"https:\/\/schema.org\",\"@graph\":[{\"@type\":\"Article\",\"@id\":\"https:\/\/www.semlex.com\/pt-pt\/2022\/07\/12\/o-nosso-projeto-de-registo-civil-na-costa-do-marfim\/#article\",\"isPartOf\":{\"@id\":\"https:\/\/www.semlex.com\/pt-pt\/2022\/07\/12\/o-nosso-projeto-de-registo-civil-na-costa-do-marfim\/\"},\"author\":{\"name\":\"Adrien Paelinck\",\"@id\":\"https:\/\/www.semlex.com\/#\/schema\/person\/689ee83f15aaad1a04f256511b718410\"},\"headline\":\"O nosso projeto de Registo Civil na Costa do Marfim\",\"datePublished\":\"2022-07-12T06:22:34+00:00\",\"dateModified\":\"2025-07-18T14:53:55+00:00\",\"mainEntityOfPage\":{\"@id\":\"https:\/\/www.semlex.com\/pt-pt\/2022\/07\/12\/o-nosso-projeto-de-registo-civil-na-costa-do-marfim\/\"},\"wordCount\":342,\"publisher\":{\"@id\":\"https:\/\/www.semlex.com\/#organization\"},\"image\":{\"@id\":\"https:\/\/www.semlex.com\/pt-pt\/2022\/07\/12\/o-nosso-projeto-de-registo-civil-na-costa-do-marfim\/#primaryimage\"},\"thumbnailUrl\":\"https:\/\/www.semlex.com\/wp-content\/uploads\/2022\/12\/semlex-oneci-cote-d-ivoire-etat-civil3.png\",\"inLanguage\":\"pt-PT\"},{\"@type\":\"WebPage\",\"@id\":\"https:\/\/www.semlex.com\/pt-pt\/2022\/07\/12\/o-nosso-projeto-de-registo-civil-na-costa-do-marfim\/\",\"url\":\"https:\/\/www.semlex.com\/pt-pt\/2022\/07\/12\/o-nosso-projeto-de-registo-civil-na-costa-do-marfim\/\",\"name\":\"O nosso projeto de Registo Civil na Costa do Marfim - Semlex\",\"isPartOf\":{\"@id\":\"https:\/\/www.semlex.com\/#website\"},\"primaryImageOfPage\":{\"@id\":\"https:\/\/www.semlex.com\/pt-pt\/2022\/07\/12\/o-nosso-projeto-de-registo-civil-na-costa-do-marfim\/#primaryimage\"},\"image\":{\"@id\":\"https:\/\/www.semlex.com\/pt-pt\/2022\/07\/12\/o-nosso-projeto-de-registo-civil-na-costa-do-marfim\/#primaryimage\"},\"thumbnailUrl\":\"https:\/\/www.semlex.com\/wp-content\/uploads\/2022\/12\/semlex-oneci-cote-d-ivoire-etat-civil3.png\",\"datePublished\":\"2022-07-12T06:22:34+00:00\",\"dateModified\":\"2025-07-18T14:53:55+00:00\",\"description\":\"O Estado da Costa do Marfim, representado pelo Servi\u00e7o Nacional de Registo Civil e Identifica\u00e7\u00e3o (ONECI), solicitou \u00e0 Semlex aux\u00edlio t\u00e9cnico visando atingir dois objetivos principais.\",\"breadcrumb\":{\"@id\":\"https:\/\/www.semlex.com\/pt-pt\/2022\/07\/12\/o-nosso-projeto-de-registo-civil-na-costa-do-marfim\/#breadcrumb\"},\"inLanguage\":\"pt-PT\",\"potentialAction\":[{\"@type\":\"ReadAction\",\"target\":[\"https:\/\/www.semlex.com\/pt-pt\/2022\/07\/12\/o-nosso-projeto-de-registo-civil-na-costa-do-marfim\/\"]}]},{\"@type\":\"ImageObject\",\"inLanguage\":\"pt-PT\",\"@id\":\"https:\/\/www.semlex.com\/pt-pt\/2022\/07\/12\/o-nosso-projeto-de-registo-civil-na-costa-do-marfim\/#primaryimage\",\"url\":\"https:\/\/www.semlex.com\/wp-content\/uploads\/2022\/12\/semlex-oneci-cote-d-ivoire-etat-civil3.png\",\"contentUrl\":\"https:\/\/www.semlex.com\/wp-content\/uploads\/2022\/12\/semlex-oneci-cote-d-ivoire-etat-civil3.png\",\"width\":2046,\"height\":1122},{\"@type\":\"BreadcrumbList\",\"@id\":\"https:\/\/www.semlex.com\/pt-pt\/2022\/07\/12\/o-nosso-projeto-de-registo-civil-na-costa-do-marfim\/#breadcrumb\",\"itemListElement\":[{\"@type\":\"ListItem\",\"position\":1,\"name\":\"Home\",\"item\":\"https:\/\/www.semlex.com\/pt-pt\/\"},{\"@type\":\"ListItem\",\"position\":2,\"name\":\"O nosso projeto de Registo Civil na Costa do Marfim\"}]},{\"@type\":\"WebSite\",\"@id\":\"https:\/\/www.semlex.com\/#website\",\"url\":\"https:\/\/www.semlex.com\/\",\"name\":\"Semlex\",\"description\":\"For a secure world\",\"publisher\":{\"@id\":\"https:\/\/www.semlex.com\/#organization\"},\"potentialAction\":[{\"@type\":\"SearchAction\",\"target\":{\"@type\":\"EntryPoint\",\"urlTemplate\":\"https:\/\/www.semlex.com\/?s={search_term_string}\"},\"query-input\":{\"@type\":\"PropertyValueSpecification\",\"valueRequired\":true,\"valueName\":\"search_term_string\"}}],\"inLanguage\":\"pt-PT\"},{\"@type\":\"Organization\",\"@id\":\"https:\/\/www.semlex.com\/#organization\",\"name\":\"Semlex\",\"url\":\"https:\/\/www.semlex.com\/\",\"logo\":{\"@type\":\"ImageObject\",\"inLanguage\":\"pt-PT\",\"@id\":\"https:\/\/www.semlex.com\/#\/schema\/logo\/image\/\",\"url\":\"https:\/\/www.semlex.com\/wp-content\/uploads\/2022\/12\/logo_semlex.svg\",\"contentUrl\":\"https:\/\/www.semlex.com\/wp-content\/uploads\/2022\/12\/logo_semlex.svg\",\"caption\":\"Semlex\"},\"image\":{\"@id\":\"https:\/\/www.semlex.com\/#\/schema\/logo\/image\/\"},\"sameAs\":[\"https:\/\/www.facebook.com\/semlexgroup\"]},{\"@type\":\"Person\",\"@id\":\"https:\/\/www.semlex.com\/#\/schema\/person\/689ee83f15aaad1a04f256511b718410\",\"name\":\"Adrien Paelinck\",\"image\":{\"@type\":\"ImageObject\",\"inLanguage\":\"pt-PT\",\"@id\":\"https:\/\/www.semlex.com\/#\/schema\/person\/image\/\",\"url\":\"https:\/\/secure.gravatar.com\/avatar\/bb03ec4bbe24372e845745a010e39dc94d3d20e6485179e7955cc29dc7c5e66e?s=96&d=mm&r=g\",\"contentUrl\":\"https:\/\/secure.gravatar.com\/avatar\/bb03ec4bbe24372e845745a010e39dc94d3d20e6485179e7955cc29dc7c5e66e?s=96&d=mm&r=g\",\"caption\":\"Adrien Paelinck\"},\"url\":\"https:\/\/www.semlex.com\/pt-pt\/author\/a-paelinck\/\"}]}<\/script>\n<!-- \/ Yoast SEO plugin. -->","yoast_head_json":{"title":"O nosso projeto de Registo Civil na Costa do Marfim - Semlex","description":"O Estado da Costa do Marfim, representado pelo Servi\u00e7o Nacional de Registo Civil e Identifica\u00e7\u00e3o (ONECI), solicitou \u00e0 Semlex aux\u00edlio t\u00e9cnico visando atingir dois objetivos principais.","robots":{"index":"index","follow":"follow","max-snippet":"max-snippet:-1","max-image-preview":"max-image-preview:large","max-video-preview":"max-video-preview:-1"},"canonical":"https:\/\/www.semlex.com\/pt-pt\/2022\/07\/12\/o-nosso-projeto-de-registo-civil-na-costa-do-marfim\/","og_locale":"pt_PT","og_type":"article","og_title":"O nosso projeto de Registo Civil na Costa do Marfim - Semlex","og_description":"O Estado da Costa do Marfim, representado pelo Servi\u00e7o Nacional de Registo Civil e Identifica\u00e7\u00e3o (ONECI), solicitou \u00e0 Semlex aux\u00edlio t\u00e9cnico visando atingir dois objetivos principais.","og_url":"https:\/\/www.semlex.com\/pt-pt\/2022\/07\/12\/o-nosso-projeto-de-registo-civil-na-costa-do-marfim\/","og_site_name":"Semlex","article_publisher":"https:\/\/www.facebook.com\/semlexgroup","article_published_time":"2022-07-12T06:22:34+00:00","article_modified_time":"2025-07-18T14:53:55+00:00","og_image":[{"width":1024,"height":562,"url":"https:\/\/www.semlex.com\/wp-content\/uploads\/2022\/12\/semlex-oneci-cote-d-ivoire-etat-civil3-1024x562.png","type":"image\/png"}],"author":"Adrien Paelinck","twitter_card":"summary_large_image","twitter_misc":{"Escrito por":"Adrien Paelinck","Tempo estimado de leitura":"2 minutos"},"schema":{"@context":"https:\/\/schema.org","@graph":[{"@type":"Article","@id":"https:\/\/www.semlex.com\/pt-pt\/2022\/07\/12\/o-nosso-projeto-de-registo-civil-na-costa-do-marfim\/#article","isPartOf":{"@id":"https:\/\/www.semlex.com\/pt-pt\/2022\/07\/12\/o-nosso-projeto-de-registo-civil-na-costa-do-marfim\/"},"author":{"name":"Adrien Paelinck","@id":"https:\/\/www.semlex.com\/#\/schema\/person\/689ee83f15aaad1a04f256511b718410"},"headline":"O nosso projeto de Registo Civil na Costa do Marfim","datePublished":"2022-07-12T06:22:34+00:00","dateModified":"2025-07-18T14:53:55+00:00","mainEntityOfPage":{"@id":"https:\/\/www.semlex.com\/pt-pt\/2022\/07\/12\/o-nosso-projeto-de-registo-civil-na-costa-do-marfim\/"},"wordCount":342,"publisher":{"@id":"https:\/\/www.semlex.com\/#organization"},"image":{"@id":"https:\/\/www.semlex.com\/pt-pt\/2022\/07\/12\/o-nosso-projeto-de-registo-civil-na-costa-do-marfim\/#primaryimage"},"thumbnailUrl":"https:\/\/www.semlex.com\/wp-content\/uploads\/2022\/12\/semlex-oneci-cote-d-ivoire-etat-civil3.png","inLanguage":"pt-PT"},{"@type":"WebPage","@id":"https:\/\/www.semlex.com\/pt-pt\/2022\/07\/12\/o-nosso-projeto-de-registo-civil-na-costa-do-marfim\/","url":"https:\/\/www.semlex.com\/pt-pt\/2022\/07\/12\/o-nosso-projeto-de-registo-civil-na-costa-do-marfim\/","name":"O nosso projeto de Registo Civil na Costa do Marfim - Semlex","isPartOf":{"@id":"https:\/\/www.semlex.com\/#website"},"primaryImageOfPage":{"@id":"https:\/\/www.semlex.com\/pt-pt\/2022\/07\/12\/o-nosso-projeto-de-registo-civil-na-costa-do-marfim\/#primaryimage"},"image":{"@id":"https:\/\/www.semlex.com\/pt-pt\/2022\/07\/12\/o-nosso-projeto-de-registo-civil-na-costa-do-marfim\/#primaryimage"},"thumbnailUrl":"https:\/\/www.semlex.com\/wp-content\/uploads\/2022\/12\/semlex-oneci-cote-d-ivoire-etat-civil3.png","datePublished":"2022-07-12T06:22:34+00:00","dateModified":"2025-07-18T14:53:55+00:00","description":"O Estado da Costa do Marfim, representado pelo Servi\u00e7o Nacional de Registo Civil e Identifica\u00e7\u00e3o (ONECI), solicitou \u00e0 Semlex aux\u00edlio t\u00e9cnico visando atingir dois objetivos principais.","breadcrumb":{"@id":"https:\/\/www.semlex.com\/pt-pt\/2022\/07\/12\/o-nosso-projeto-de-registo-civil-na-costa-do-marfim\/#breadcrumb"},"inLanguage":"pt-PT","potentialAction":[{"@type":"ReadAction","target":["https:\/\/www.semlex.com\/pt-pt\/2022\/07\/12\/o-nosso-projeto-de-registo-civil-na-costa-do-marfim\/"]}]},{"@type":"ImageObject","inLanguage":"pt-PT","@id":"https:\/\/www.semlex.com\/pt-pt\/2022\/07\/12\/o-nosso-projeto-de-registo-civil-na-costa-do-marfim\/#primaryimage","url":"https:\/\/www.semlex.com\/wp-content\/uploads\/2022\/12\/semlex-oneci-cote-d-ivoire-etat-civil3.png","contentUrl":"https:\/\/www.semlex.com\/wp-content\/uploads\/2022\/12\/semlex-oneci-cote-d-ivoire-etat-civil3.png","width":2046,"height":1122},{"@type":"BreadcrumbList","@id":"https:\/\/www.semlex.com\/pt-pt\/2022\/07\/12\/o-nosso-projeto-de-registo-civil-na-costa-do-marfim\/#breadcrumb","itemListElement":[{"@type":"ListItem","position":1,"name":"Home","item":"https:\/\/www.semlex.com\/pt-pt\/"},{"@type":"ListItem","position":2,"name":"O nosso projeto de Registo Civil na Costa do Marfim"}]},{"@type":"WebSite","@id":"https:\/\/www.semlex.com\/#website","url":"https:\/\/www.semlex.com\/","name":"Semlex","description":"For a secure world","publisher":{"@id":"https:\/\/www.semlex.com\/#organization"},"potentialAction":[{"@type":"SearchAction","target":{"@type":"EntryPoint","urlTemplate":"https:\/\/www.semlex.com\/?s={search_term_string}"},"query-input":{"@type":"PropertyValueSpecification","valueRequired":true,"valueName":"search_term_string"}}],"inLanguage":"pt-PT"},{"@type":"Organization","@id":"https:\/\/www.semlex.com\/#organization","name":"Semlex","url":"https:\/\/www.semlex.com\/","logo":{"@type":"ImageObject","inLanguage":"pt-PT","@id":"https:\/\/www.semlex.com\/#\/schema\/logo\/image\/","url":"https:\/\/www.semlex.com\/wp-content\/uploads\/2022\/12\/logo_semlex.svg","contentUrl":"https:\/\/www.semlex.com\/wp-content\/uploads\/2022\/12\/logo_semlex.svg","caption":"Semlex"},"image":{"@id":"https:\/\/www.semlex.com\/#\/schema\/logo\/image\/"},"sameAs":["https:\/\/www.facebook.com\/semlexgroup"]},{"@type":"Person","@id":"https:\/\/www.semlex.com\/#\/schema\/person\/689ee83f15aaad1a04f256511b718410","name":"Adrien Paelinck","image":{"@type":"ImageObject","inLanguage":"pt-PT","@id":"https:\/\/www.semlex.com\/#\/schema\/person\/image\/","url":"https:\/\/secure.gravatar.com\/avatar\/bb03ec4bbe24372e845745a010e39dc94d3d20e6485179e7955cc29dc7c5e66e?s=96&d=mm&r=g","contentUrl":"https:\/\/secure.gravatar.com\/avatar\/bb03ec4bbe24372e845745a010e39dc94d3d20e6485179e7955cc29dc7c5e66e?s=96&d=mm&r=g","caption":"Adrien Paelinck"},"url":"https:\/\/www.semlex.com\/pt-pt\/author\/a-paelinck\/"}]}},"_links":{"self":[{"href":"https:\/\/www.semlex.com\/pt-pt\/wp-json\/wp\/v2\/posts\/12812","targetHints":{"allow":["GET"]}}],"collection":[{"href":"https:\/\/www.semlex.com\/pt-pt\/wp-json\/wp\/v2\/posts"}],"about":[{"href":"https:\/\/www.semlex.com\/pt-pt\/wp-json\/wp\/v2\/types\/post"}],"author":[{"embeddable":true,"href":"https:\/\/www.semlex.com\/pt-pt\/wp-json\/wp\/v2\/users\/4"}],"replies":[{"embeddable":true,"href":"https:\/\/www.semlex.com\/pt-pt\/wp-json\/wp\/v2\/comments?post=12812"}],"version-history":[{"count":1,"href":"https:\/\/www.semlex.com\/pt-pt\/wp-json\/wp\/v2\/posts\/12812\/revisions"}],"predecessor-version":[{"id":12868,"href":"https:\/\/www.semlex.com\/pt-pt\/wp-json\/wp\/v2\/posts\/12812\/revisions\/12868"}],"wp:featuredmedia":[{"embeddable":true,"href":"https:\/\/www.semlex.com\/pt-pt\/wp-json\/wp\/v2\/media\/1015"}],"wp:attachment":[{"href":"https:\/\/www.semlex.com\/pt-pt\/wp-json\/wp\/v2\/media?parent=12812"}],"wp:term":[{"taxonomy":"category","embeddable":true,"href":"https:\/\/www.semlex.com\/pt-pt\/wp-json\/wp\/v2\/categories?post=12812"},{"taxonomy":"post_tag","embeddable":true,"href":"https:\/\/www.semlex.com\/pt-pt\/wp-json\/wp\/v2\/tags?post=12812"}],"curies":[{"name":"wp","href":"https:\/\/api.w.org\/{rel}","templated":true}]}}