{"id":15312,"date":"2025-05-30T11:08:26","date_gmt":"2025-05-30T09:08:26","guid":{"rendered":"https:\/\/www.semlex.com\/2025\/05\/30\/nouveau-centre-mobile-denrolement\/"},"modified":"2025-07-18T16:54:14","modified_gmt":"2025-07-18T14:54:14","slug":"nouveau-centre-mobile-denrolement","status":"publish","type":"post","link":"https:\/\/www.semlex.com\/es\/2025\/05\/30\/nouveau-centre-mobile-denrolement\/","title":{"rendered":"Nuevo centro m\u00f3vil de registro"},"content":{"rendered":"\n<p>Semlex, socio de larga data de la Rep\u00fablica de Guinea-Bis\u00e1u en los servicios de identificaci\u00f3n civil, inaugur\u00f3 el pasado 15 de mayo de 2025 un nuevo centro m\u00f3vil de registro en el barrio de Plack 2, en Bissau. Esta nueva instalaci\u00f3n complementa la red ya operativa de centros m\u00f3viles en los barrios de B Militar, B Ajuda, Santa Luzia y Antula.<\/p>\n\n\n\n<p><strong>Un servicio de proximidad para varios barrios<\/strong><\/p>\n\n\n\n<p>Gracias a este centro m\u00f3vil, los habitantes de Plack 2 y de los barrios vecinos (Safim, Bissalanca, Ntussinho y Bissauzinho) podr\u00e1n ahora obtener sus documentos oficiales sin necesidad de desplazarse al centro principal en Quinhamel o al centro de B Militar. Este proceso se simplifica, reduciendo significativamente el tiempo y el costo de los desplazamientos para los ciudadanos.<\/p>\n\n\n\n<p><strong>Una inauguraci\u00f3n oficial<\/strong><\/p>\n\n\n\n<p>La ceremonia de apertura fue presidida por el Director General de Identificaci\u00f3n Civil, en representaci\u00f3n de la Ministra de Justicia. Tambi\u00e9n estuvieron presentes el Jefe de la Oficina del Registro Civil de Plack 2 y su adjunto, el Director del Centro Biom\u00e9trico y el Sr. Zefrino Cardoso Soares, representante de Semlex Bissau.<\/p>\n\n\n\n<p>En su discurso, el Director General elogi\u00f3 \u00abla rapidez ejemplar de Semlex en la rehabilitaci\u00f3n del local y la adquisici\u00f3n del mobiliario y del material inform\u00e1tico necesario para el registro biom\u00e9trico\u00bb. Tambi\u00e9n invit\u00f3 a la poblaci\u00f3n \u00aba acudir masivamente al centro de Plack 2 para obtener sus partidas de nacimiento, certificados de matrimonio, servicios notariales y documentos de identidad\u00bb.<\/p>\n\n\n\n<p><strong>Compromiso y modernizaci\u00f3n<\/strong><\/p>\n\n\n\n<p>Con esta iniciativa, Semlex reafirma su compromiso con la modernizaci\u00f3n de los servicios del registro civil en Guinea-Bis\u00e1u y con la proximidad de la administraci\u00f3n p\u00fablica a los ciudadanos. El nuevo centro m\u00f3vil ofrece:<\/p>\n\n\n\n<ul class=\"wp-block-list\">\n<li>Registro biom\u00e9trico completo (huellas dactilares, fotograf\u00eda y firma);<\/li>\n\n\n\n<li>Emisi\u00f3n r\u00e1pida de tarjetas de identidad nacionales;<\/li>\n\n\n\n<li>Gesti\u00f3n de actos del estado civil (nacimiento, matrimonio, defunci\u00f3n);<\/li>\n\n\n\n<li>Servicios notariales b\u00e1sicos.<\/li>\n<\/ul>\n\n\n\n<p>Con esta nueva apertura, que eleva el n\u00famero total de centros a 16, Semlex refuerza su compromiso de facilitar el acceso a los documentos oficiales para todos los ciudadanos en todo el territorio nacional.<\/p>\n","protected":false},"excerpt":{"rendered":"<p>Semlex, socio de larga data de la Rep\u00fablica de Guinea-Bis\u00e1u en los servicios de identificaci\u00f3n civil, inaugur\u00f3 el pasado 15 de mayo de 2025 un nuevo centro m\u00f3vil de registro en el barrio de Plack 2, en Bissau. Esta nueva instalaci\u00f3n complementa la red ya operativa de centros m\u00f3viles en los barrios de B Militar, [&hellip;]<\/p>\n","protected":false},"author":3,"featured_media":15309,"comment_status":"closed","ping_status":"open","sticky":false,"template":"","format":"standard","meta":{"_acf_changed":false,"footnotes":""},"categories":[5],"tags":[],"class_list":["post-15312","post","type-post","status-publish","format-standard","has-post-thumbnail","hentry","category-sin-categorizar"],"acf":[],"yoast_head":"<!-- This site is optimized with the Yoast SEO plugin v25.5 - https:\/\/yoast.com\/wordpress\/plugins\/seo\/ -->\n<title>Nuevo centro m\u00f3vil de registro - Semlex<\/title>\n<meta name=\"description\" content=\"Semlex, socio de larga data de la Rep\u00fablica de Guinea-Bis\u00e1u en los servicios de identificaci\u00f3n civil, inaugur\u00f3 el pasado 15 de mayo de 2025 un nuevo centro m\u00f3vil de registro en el barrio de Plack 2, en Bissau.\" \/>\n<meta name=\"robots\" content=\"index, follow, max-snippet:-1, max-image-preview:large, max-video-preview:-1\" \/>\n<link rel=\"canonical\" href=\"https:\/\/www.semlex.com\/es\/2025\/05\/30\/nouveau-centre-mobile-denrolement\/\" \/>\n<meta property=\"og:locale\" content=\"es_ES\" \/>\n<meta property=\"og:type\" content=\"article\" \/>\n<meta property=\"og:title\" content=\"Nuevo centro m\u00f3vil de registro - Semlex\" \/>\n<meta property=\"og:description\" content=\"Semlex, socio de larga data de la Rep\u00fablica de Guinea-Bis\u00e1u en los servicios de identificaci\u00f3n civil, inaugur\u00f3 el pasado 15 de mayo de 2025 un nuevo centro m\u00f3vil de registro en el barrio de Plack 2, en Bissau.\" \/>\n<meta property=\"og:url\" content=\"https:\/\/www.semlex.com\/es\/2025\/05\/30\/nouveau-centre-mobile-denrolement\/\" \/>\n<meta property=\"og:site_name\" content=\"Semlex\" \/>\n<meta property=\"article:publisher\" content=\"https:\/\/www.facebook.com\/semlexgroup\" \/>\n<meta property=\"article:published_time\" content=\"2025-05-30T09:08:26+00:00\" \/>\n<meta property=\"article:modified_time\" content=\"2025-07-18T14:54:14+00:00\" \/>\n<meta property=\"og:image\" content=\"https:\/\/www.semlex.com\/wp-content\/uploads\/2025\/05\/semlex-Inauguration-centre-Plack-2-3.jpg\" \/>\n\t<meta property=\"og:image:width\" content=\"931\" \/>\n\t<meta property=\"og:image:height\" content=\"713\" \/>\n\t<meta property=\"og:image:type\" content=\"image\/jpeg\" \/>\n<meta name=\"author\" content=\"Celine gomes\" \/>\n<meta name=\"twitter:card\" content=\"summary_large_image\" \/>\n<meta name=\"twitter:label1\" content=\"Escrito por\" \/>\n\t<meta name=\"twitter:data1\" content=\"Celine gomes\" \/>\n\t<meta name=\"twitter:label2\" content=\"Tiempo de lectura\" \/>\n\t<meta name=\"twitter:data2\" content=\"2 minutos\" \/>\n<script type=\"application\/ld+json\" class=\"yoast-schema-graph\">{\"@context\":\"https:\/\/schema.org\",\"@graph\":[{\"@type\":\"Article\",\"@id\":\"https:\/\/www.semlex.com\/es\/2025\/05\/30\/nouveau-centre-mobile-denrolement\/#article\",\"isPartOf\":{\"@id\":\"https:\/\/www.semlex.com\/es\/2025\/05\/30\/nouveau-centre-mobile-denrolement\/\"},\"author\":{\"name\":\"Celine gomes\",\"@id\":\"https:\/\/www.semlex.com\/#\/schema\/person\/aa147ec84ea1317159ed8eed8c4aea71\"},\"headline\":\"Nuevo centro m\u00f3vil de registro\",\"datePublished\":\"2025-05-30T09:08:26+00:00\",\"dateModified\":\"2025-07-18T14:54:14+00:00\",\"mainEntityOfPage\":{\"@id\":\"https:\/\/www.semlex.com\/es\/2025\/05\/30\/nouveau-centre-mobile-denrolement\/\"},\"wordCount\":370,\"publisher\":{\"@id\":\"https:\/\/www.semlex.com\/#organization\"},\"image\":{\"@id\":\"https:\/\/www.semlex.com\/es\/2025\/05\/30\/nouveau-centre-mobile-denrolement\/#primaryimage\"},\"thumbnailUrl\":\"https:\/\/www.semlex.com\/wp-content\/uploads\/2025\/05\/semlex-Inauguration-centre-Plack-2-3.jpg\",\"articleSection\":[\"Sin categorizar\"],\"inLanguage\":\"es\"},{\"@type\":\"WebPage\",\"@id\":\"https:\/\/www.semlex.com\/es\/2025\/05\/30\/nouveau-centre-mobile-denrolement\/\",\"url\":\"https:\/\/www.semlex.com\/es\/2025\/05\/30\/nouveau-centre-mobile-denrolement\/\",\"name\":\"Nuevo centro m\u00f3vil de registro - Semlex\",\"isPartOf\":{\"@id\":\"https:\/\/www.semlex.com\/#website\"},\"primaryImageOfPage\":{\"@id\":\"https:\/\/www.semlex.com\/es\/2025\/05\/30\/nouveau-centre-mobile-denrolement\/#primaryimage\"},\"image\":{\"@id\":\"https:\/\/www.semlex.com\/es\/2025\/05\/30\/nouveau-centre-mobile-denrolement\/#primaryimage\"},\"thumbnailUrl\":\"https:\/\/www.semlex.com\/wp-content\/uploads\/2025\/05\/semlex-Inauguration-centre-Plack-2-3.jpg\",\"datePublished\":\"2025-05-30T09:08:26+00:00\",\"dateModified\":\"2025-07-18T14:54:14+00:00\",\"description\":\"Semlex, socio de larga data de la Rep\u00fablica de Guinea-Bis\u00e1u en los servicios de identificaci\u00f3n civil, inaugur\u00f3 el pasado 15 de mayo de 2025 un nuevo centro m\u00f3vil de registro en el barrio de Plack 2, en Bissau.\",\"breadcrumb\":{\"@id\":\"https:\/\/www.semlex.com\/es\/2025\/05\/30\/nouveau-centre-mobile-denrolement\/#breadcrumb\"},\"inLanguage\":\"es\",\"potentialAction\":[{\"@type\":\"ReadAction\",\"target\":[\"https:\/\/www.semlex.com\/es\/2025\/05\/30\/nouveau-centre-mobile-denrolement\/\"]}]},{\"@type\":\"ImageObject\",\"inLanguage\":\"es\",\"@id\":\"https:\/\/www.semlex.com\/es\/2025\/05\/30\/nouveau-centre-mobile-denrolement\/#primaryimage\",\"url\":\"https:\/\/www.semlex.com\/wp-content\/uploads\/2025\/05\/semlex-Inauguration-centre-Plack-2-3.jpg\",\"contentUrl\":\"https:\/\/www.semlex.com\/wp-content\/uploads\/2025\/05\/semlex-Inauguration-centre-Plack-2-3.jpg\",\"width\":931,\"height\":713},{\"@type\":\"BreadcrumbList\",\"@id\":\"https:\/\/www.semlex.com\/es\/2025\/05\/30\/nouveau-centre-mobile-denrolement\/#breadcrumb\",\"itemListElement\":[{\"@type\":\"ListItem\",\"position\":1,\"name\":\"Home\",\"item\":\"https:\/\/www.semlex.com\/es\/\"},{\"@type\":\"ListItem\",\"position\":2,\"name\":\"Nuevo centro m\u00f3vil de registro\"}]},{\"@type\":\"WebSite\",\"@id\":\"https:\/\/www.semlex.com\/#website\",\"url\":\"https:\/\/www.semlex.com\/\",\"name\":\"Semlex\",\"description\":\"For a secure world\",\"publisher\":{\"@id\":\"https:\/\/www.semlex.com\/#organization\"},\"potentialAction\":[{\"@type\":\"SearchAction\",\"target\":{\"@type\":\"EntryPoint\",\"urlTemplate\":\"https:\/\/www.semlex.com\/?s={search_term_string}\"},\"query-input\":{\"@type\":\"PropertyValueSpecification\",\"valueRequired\":true,\"valueName\":\"search_term_string\"}}],\"inLanguage\":\"es\"},{\"@type\":\"Organization\",\"@id\":\"https:\/\/www.semlex.com\/#organization\",\"name\":\"Semlex\",\"url\":\"https:\/\/www.semlex.com\/\",\"logo\":{\"@type\":\"ImageObject\",\"inLanguage\":\"es\",\"@id\":\"https:\/\/www.semlex.com\/#\/schema\/logo\/image\/\",\"url\":\"https:\/\/www.semlex.com\/wp-content\/uploads\/2022\/12\/logo_semlex.svg\",\"contentUrl\":\"https:\/\/www.semlex.com\/wp-content\/uploads\/2022\/12\/logo_semlex.svg\",\"caption\":\"Semlex\"},\"image\":{\"@id\":\"https:\/\/www.semlex.com\/#\/schema\/logo\/image\/\"},\"sameAs\":[\"https:\/\/www.facebook.com\/semlexgroup\"]},{\"@type\":\"Person\",\"@id\":\"https:\/\/www.semlex.com\/#\/schema\/person\/aa147ec84ea1317159ed8eed8c4aea71\",\"name\":\"Celine gomes\",\"image\":{\"@type\":\"ImageObject\",\"inLanguage\":\"es\",\"@id\":\"https:\/\/www.semlex.com\/#\/schema\/person\/image\/\",\"url\":\"https:\/\/secure.gravatar.com\/avatar\/e53ef5ca3abb15d8cc8e238877c76a94a34e1dca1a8bde08bc1088f71d7553f0?s=96&d=mm&r=g\",\"contentUrl\":\"https:\/\/secure.gravatar.com\/avatar\/e53ef5ca3abb15d8cc8e238877c76a94a34e1dca1a8bde08bc1088f71d7553f0?s=96&d=mm&r=g\",\"caption\":\"Celine gomes\"},\"url\":\"https:\/\/www.semlex.com\/es\/author\/c-gomes\/\"}]}<\/script>\n<!-- \/ Yoast SEO plugin. -->","yoast_head_json":{"title":"Nuevo centro m\u00f3vil de registro - Semlex","description":"Semlex, socio de larga data de la Rep\u00fablica de Guinea-Bis\u00e1u en los servicios de identificaci\u00f3n civil, inaugur\u00f3 el pasado 15 de mayo de 2025 un nuevo centro m\u00f3vil de registro en el barrio de Plack 2, en Bissau.","robots":{"index":"index","follow":"follow","max-snippet":"max-snippet:-1","max-image-preview":"max-image-preview:large","max-video-preview":"max-video-preview:-1"},"canonical":"https:\/\/www.semlex.com\/es\/2025\/05\/30\/nouveau-centre-mobile-denrolement\/","og_locale":"es_ES","og_type":"article","og_title":"Nuevo centro m\u00f3vil de registro - Semlex","og_description":"Semlex, socio de larga data de la Rep\u00fablica de Guinea-Bis\u00e1u en los servicios de identificaci\u00f3n civil, inaugur\u00f3 el pasado 15 de mayo de 2025 un nuevo centro m\u00f3vil de registro en el barrio de Plack 2, en Bissau.","og_url":"https:\/\/www.semlex.com\/es\/2025\/05\/30\/nouveau-centre-mobile-denrolement\/","og_site_name":"Semlex","article_publisher":"https:\/\/www.facebook.com\/semlexgroup","article_published_time":"2025-05-30T09:08:26+00:00","article_modified_time":"2025-07-18T14:54:14+00:00","og_image":[{"width":931,"height":713,"url":"https:\/\/www.semlex.com\/wp-content\/uploads\/2025\/05\/semlex-Inauguration-centre-Plack-2-3.jpg","type":"image\/jpeg"}],"author":"Celine gomes","twitter_card":"summary_large_image","twitter_misc":{"Escrito por":"Celine gomes","Tiempo de lectura":"2 minutos"},"schema":{"@context":"https:\/\/schema.org","@graph":[{"@type":"Article","@id":"https:\/\/www.semlex.com\/es\/2025\/05\/30\/nouveau-centre-mobile-denrolement\/#article","isPartOf":{"@id":"https:\/\/www.semlex.com\/es\/2025\/05\/30\/nouveau-centre-mobile-denrolement\/"},"author":{"name":"Celine gomes","@id":"https:\/\/www.semlex.com\/#\/schema\/person\/aa147ec84ea1317159ed8eed8c4aea71"},"headline":"Nuevo centro m\u00f3vil de registro","datePublished":"2025-05-30T09:08:26+00:00","dateModified":"2025-07-18T14:54:14+00:00","mainEntityOfPage":{"@id":"https:\/\/www.semlex.com\/es\/2025\/05\/30\/nouveau-centre-mobile-denrolement\/"},"wordCount":370,"publisher":{"@id":"https:\/\/www.semlex.com\/#organization"},"image":{"@id":"https:\/\/www.semlex.com\/es\/2025\/05\/30\/nouveau-centre-mobile-denrolement\/#primaryimage"},"thumbnailUrl":"https:\/\/www.semlex.com\/wp-content\/uploads\/2025\/05\/semlex-Inauguration-centre-Plack-2-3.jpg","articleSection":["Sin categorizar"],"inLanguage":"es"},{"@type":"WebPage","@id":"https:\/\/www.semlex.com\/es\/2025\/05\/30\/nouveau-centre-mobile-denrolement\/","url":"https:\/\/www.semlex.com\/es\/2025\/05\/30\/nouveau-centre-mobile-denrolement\/","name":"Nuevo centro m\u00f3vil de registro - Semlex","isPartOf":{"@id":"https:\/\/www.semlex.com\/#website"},"primaryImageOfPage":{"@id":"https:\/\/www.semlex.com\/es\/2025\/05\/30\/nouveau-centre-mobile-denrolement\/#primaryimage"},"image":{"@id":"https:\/\/www.semlex.com\/es\/2025\/05\/30\/nouveau-centre-mobile-denrolement\/#primaryimage"},"thumbnailUrl":"https:\/\/www.semlex.com\/wp-content\/uploads\/2025\/05\/semlex-Inauguration-centre-Plack-2-3.jpg","datePublished":"2025-05-30T09:08:26+00:00","dateModified":"2025-07-18T14:54:14+00:00","description":"Semlex, socio de larga data de la Rep\u00fablica de Guinea-Bis\u00e1u en los servicios de identificaci\u00f3n civil, inaugur\u00f3 el pasado 15 de mayo de 2025 un nuevo centro m\u00f3vil de registro en el barrio de Plack 2, en Bissau.","breadcrumb":{"@id":"https:\/\/www.semlex.com\/es\/2025\/05\/30\/nouveau-centre-mobile-denrolement\/#breadcrumb"},"inLanguage":"es","potentialAction":[{"@type":"ReadAction","target":["https:\/\/www.semlex.com\/es\/2025\/05\/30\/nouveau-centre-mobile-denrolement\/"]}]},{"@type":"ImageObject","inLanguage":"es","@id":"https:\/\/www.semlex.com\/es\/2025\/05\/30\/nouveau-centre-mobile-denrolement\/#primaryimage","url":"https:\/\/www.semlex.com\/wp-content\/uploads\/2025\/05\/semlex-Inauguration-centre-Plack-2-3.jpg","contentUrl":"https:\/\/www.semlex.com\/wp-content\/uploads\/2025\/05\/semlex-Inauguration-centre-Plack-2-3.jpg","width":931,"height":713},{"@type":"BreadcrumbList","@id":"https:\/\/www.semlex.com\/es\/2025\/05\/30\/nouveau-centre-mobile-denrolement\/#breadcrumb","itemListElement":[{"@type":"ListItem","position":1,"name":"Home","item":"https:\/\/www.semlex.com\/es\/"},{"@type":"ListItem","position":2,"name":"Nuevo centro m\u00f3vil de registro"}]},{"@type":"WebSite","@id":"https:\/\/www.semlex.com\/#website","url":"https:\/\/www.semlex.com\/","name":"Semlex","description":"For a secure world","publisher":{"@id":"https:\/\/www.semlex.com\/#organization"},"potentialAction":[{"@type":"SearchAction","target":{"@type":"EntryPoint","urlTemplate":"https:\/\/www.semlex.com\/?s={search_term_string}"},"query-input":{"@type":"PropertyValueSpecification","valueRequired":true,"valueName":"search_term_string"}}],"inLanguage":"es"},{"@type":"Organization","@id":"https:\/\/www.semlex.com\/#organization","name":"Semlex","url":"https:\/\/www.semlex.com\/","logo":{"@type":"ImageObject","inLanguage":"es","@id":"https:\/\/www.semlex.com\/#\/schema\/logo\/image\/","url":"https:\/\/www.semlex.com\/wp-content\/uploads\/2022\/12\/logo_semlex.svg","contentUrl":"https:\/\/www.semlex.com\/wp-content\/uploads\/2022\/12\/logo_semlex.svg","caption":"Semlex"},"image":{"@id":"https:\/\/www.semlex.com\/#\/schema\/logo\/image\/"},"sameAs":["https:\/\/www.facebook.com\/semlexgroup"]},{"@type":"Person","@id":"https:\/\/www.semlex.com\/#\/schema\/person\/aa147ec84ea1317159ed8eed8c4aea71","name":"Celine gomes","image":{"@type":"ImageObject","inLanguage":"es","@id":"https:\/\/www.semlex.com\/#\/schema\/person\/image\/","url":"https:\/\/secure.gravatar.com\/avatar\/e53ef5ca3abb15d8cc8e238877c76a94a34e1dca1a8bde08bc1088f71d7553f0?s=96&d=mm&r=g","contentUrl":"https:\/\/secure.gravatar.com\/avatar\/e53ef5ca3abb15d8cc8e238877c76a94a34e1dca1a8bde08bc1088f71d7553f0?s=96&d=mm&r=g","caption":"Celine gomes"},"url":"https:\/\/www.semlex.com\/es\/author\/c-gomes\/"}]}},"_links":{"self":[{"href":"https:\/\/www.semlex.com\/es\/wp-json\/wp\/v2\/posts\/15312","targetHints":{"allow":["GET"]}}],"collection":[{"href":"https:\/\/www.semlex.com\/es\/wp-json\/wp\/v2\/posts"}],"about":[{"href":"https:\/\/www.semlex.com\/es\/wp-json\/wp\/v2\/types\/post"}],"author":[{"embeddable":true,"href":"https:\/\/www.semlex.com\/es\/wp-json\/wp\/v2\/users\/3"}],"replies":[{"embeddable":true,"href":"https:\/\/www.semlex.com\/es\/wp-json\/wp\/v2\/comments?post=15312"}],"version-history":[{"count":1,"href":"https:\/\/www.semlex.com\/es\/wp-json\/wp\/v2\/posts\/15312\/revisions"}],"predecessor-version":[{"id":15314,"href":"https:\/\/www.semlex.com\/es\/wp-json\/wp\/v2\/posts\/15312\/revisions\/15314"}],"wp:featuredmedia":[{"embeddable":true,"href":"https:\/\/www.semlex.com\/es\/wp-json\/wp\/v2\/media\/15309"}],"wp:attachment":[{"href":"https:\/\/www.semlex.com\/es\/wp-json\/wp\/v2\/media?parent=15312"}],"wp:term":[{"taxonomy":"category","embeddable":true,"href":"https:\/\/www.semlex.com\/es\/wp-json\/wp\/v2\/categories?post=15312"},{"taxonomy":"post_tag","embeddable":true,"href":"https:\/\/www.semlex.com\/es\/wp-json\/wp\/v2\/tags?post=15312"}],"curies":[{"name":"wp","href":"https:\/\/api.w.org\/{rel}","templated":true}]}}