{"id":14602,"date":"2023-10-16T11:52:18","date_gmt":"2023-10-16T09:52:18","guid":{"rendered":"https:\/\/www.semlex.com\/2023\/10\/16\/semlex-cote-divoire-a-latelier-de-reflexion-sur-la-protection-des-donnees-personnelles\/"},"modified":"2025-07-18T16:54:17","modified_gmt":"2025-07-18T14:54:17","slug":"semlex-cote-divoire-a-latelier-de-reflexion-sur-la-protection-des-donnees-personnelles","status":"publish","type":"post","link":"https:\/\/www.semlex.com\/es\/2023\/10\/16\/semlex-cote-divoire-a-latelier-de-reflexion-sur-la-protection-des-donnees-personnelles\/","title":{"rendered":"Taller de reflexi\u00f3n sobre la protecci\u00f3n de datos personales"},"content":{"rendered":"\n<p>Semlex Costa de Marfil tuvo recientemente el honor de participar en un taller de reflexi\u00f3n sobre la implementaci\u00f3n de la ley de protecci\u00f3n de datos personales en Costa de Marfil. Este evento, organizado por la Autoridad de Regulaci\u00f3n de Tecnolog\u00edas de la Informaci\u00f3n y Comunicaci\u00f3n (ARTCI), se llev\u00f3 a cabo del martes 3 al jueves 5 de octubre de 2023 en el Hotel ONYX en Yamoussoukro.<\/p>\n\n\n\n<p>Este taller se organiz\u00f3 en conmemoraci\u00f3n del d\u00e9cimo aniversario de la protecci\u00f3n de datos en Costa de Marfil, marcando una d\u00e9cada de esfuerzos para garantizar la protecci\u00f3n de los datos personales de los ciudadanos del pa\u00eds. El objetivo de este evento fue analizar el conjunto de leyes y regulaciones, as\u00ed como todas las decisiones relacionadas con la protecci\u00f3n de datos en Costa de Marfil.<\/p>\n\n\n\n<p>La protecci\u00f3n de datos personales es de suma importancia para Semlex Costa de Marfil, como empresa comprometida con el respeto a la privacidad y la seguridad de los datos. Nuestro delegado de protecci\u00f3n de datos se uni\u00f3 a otros profesionales del sector para compartir ideas, buenas pr\u00e1cticas y conocimientos esenciales sobre la protecci\u00f3n de datos en Costa de Marfil, con el objetivo de modificar la ley actual.<\/p>\n\n\n\n<p><strong>Contexto y justificaci\u00f3n<\/strong><\/p>\n\n\n\n<p>La regulaci\u00f3n de datos personales en Costa de Marfil se enmarca en un contexto internacional y regional, influenciado en gran medida por las Naciones Unidas, el Consejo de Europa y la CEDEAO. La resoluci\u00f3n de Madrid de la Asociaci\u00f3n Mundial de Autoridades de Protecci\u00f3n de Datos Personales (Global Privacy Assembly &#8211; GPA) proporciona un conjunto de principios, derechos, obligaciones y procedimientos que todo sistema legal de protecci\u00f3n de datos personales debe esforzarse por respetar.<\/p>\n\n\n\n<p>En 2013, Costa de Marfil incorpor\u00f3 estos principios en su legislaci\u00f3n nacional con la Ley n.\u00ba 2013-450 del 19 de junio de 2013 sobre la protecci\u00f3n de datos personales. Esta ley, complementada con decretos de aplicaci\u00f3n, estableci\u00f3 el marco legal para el procesamiento de datos personales en Costa de Marfil, de acuerdo con las normas internacionales.<\/p>\n\n\n\n<p>Sin embargo, la adopci\u00f3n del Reglamento General de Protecci\u00f3n de Datos (RGPD) en Europa en 2016 tuvo un impacto significativo en la regulaci\u00f3n de datos personales en \u00c1frica, incluyendo Costa de Marfil, debido a su naturaleza extranjera. La aplicaci\u00f3n de estos diferentes textos legales ha enfrentado realidades que requieren una adaptaci\u00f3n constante para garantizar una regulaci\u00f3n efectiva y acorde a las normas internacionales.<\/p>\n\n\n\n<p><strong>Perspectivas de evoluci\u00f3n<\/strong><\/p>\n\n\n\n<p>ARTCI tom\u00f3 la iniciativa de reunir a las partes interesadas para reflexionar sobre la implementaci\u00f3n de la ley de protecci\u00f3n de datos personales en Costa de Marfil. Por lo tanto, este taller reuni\u00f3 a la mayor\u00eda de los actores din\u00e1micos en el campo de la protecci\u00f3n de datos personales y a los delegados de protecci\u00f3n de datos en actividad. En este contexto, el delegado de nuestra filial Semlex Costa de Marfil particip\u00f3 activamente en talleres y foros para contribuir con recomendaciones adecuadas, con el objetivo de contemplar perspectivas de evoluci\u00f3n que alineen la regulaci\u00f3n de datos personales con las normas internacionales.<\/p>\n\n\n\n<p>Como recordatorio, como parte de nuestro compromiso con el tratamiento adecuado de datos personales, nuestra filial Semlex Costa de Marfil obtuvo una decisi\u00f3n de autorizaci\u00f3n de tratamiento de datos personales de ARTCI, como es requerido para todas las empresas que manejan este tipo de datos.<\/p>\n\n\n\n<p>A trav\u00e9s de sus actividades profesionales de gesti\u00f3n de datos, Semlex se involucra de manera especial en este tipo de discusiones y foros para fortalecer la protecci\u00f3n de datos personales en Costa de Marfil y en todos los pa\u00edses donde opera. Esperamos con inter\u00e9s los desarrollos futuros en este campo vital para la privacidad y la seguridad de los datos de los ciudadanos.<\/p>\n","protected":false},"excerpt":{"rendered":"<p>Semlex Costa de Marfil tuvo recientemente el honor de participar en un taller de reflexi\u00f3n sobre la implementaci\u00f3n de la ley de protecci\u00f3n de datos personales en Costa de Marfil. Este evento, organizado por la Autoridad de Regulaci\u00f3n de Tecnolog\u00edas de la Informaci\u00f3n y Comunicaci\u00f3n (ARTCI), se llev\u00f3 a cabo del martes 3 al jueves [&hellip;]<\/p>\n","protected":false},"author":3,"featured_media":14597,"comment_status":"closed","ping_status":"open","sticky":false,"template":"","format":"standard","meta":{"_acf_changed":false,"footnotes":""},"categories":[5],"tags":[],"class_list":["post-14602","post","type-post","status-publish","format-standard","has-post-thumbnail","hentry","category-sin-categorizar"],"acf":[],"yoast_head":"<!-- This site is optimized with the Yoast SEO plugin v25.5 - https:\/\/yoast.com\/wordpress\/plugins\/seo\/ -->\n<title>Taller de reflexi\u00f3n sobre la protecci\u00f3n de datos personales - Semlex<\/title>\n<meta name=\"description\" content=\"Semlex Costa de Marfil tuvo recientemente el honor de participar en un taller de reflexi\u00f3n sobre la implementaci\u00f3n de la ley de protecci\u00f3n de datos personales en Costa de Marfil.\" \/>\n<meta name=\"robots\" content=\"index, follow, max-snippet:-1, max-image-preview:large, max-video-preview:-1\" \/>\n<link rel=\"canonical\" href=\"https:\/\/www.semlex.com\/es\/2023\/10\/16\/semlex-cote-divoire-a-latelier-de-reflexion-sur-la-protection-des-donnees-personnelles\/\" \/>\n<meta property=\"og:locale\" content=\"es_ES\" \/>\n<meta property=\"og:type\" content=\"article\" \/>\n<meta property=\"og:title\" content=\"Taller de reflexi\u00f3n sobre la protecci\u00f3n de datos personales - Semlex\" \/>\n<meta property=\"og:description\" content=\"Semlex Costa de Marfil tuvo recientemente el honor de participar en un taller de reflexi\u00f3n sobre la implementaci\u00f3n de la ley de protecci\u00f3n de datos personales en Costa de Marfil.\" \/>\n<meta property=\"og:url\" content=\"https:\/\/www.semlex.com\/es\/2023\/10\/16\/semlex-cote-divoire-a-latelier-de-reflexion-sur-la-protection-des-donnees-personnelles\/\" \/>\n<meta property=\"og:site_name\" content=\"Semlex\" \/>\n<meta property=\"article:publisher\" content=\"https:\/\/www.facebook.com\/semlexgroup\" \/>\n<meta property=\"article:published_time\" content=\"2023-10-16T09:52:18+00:00\" \/>\n<meta property=\"article:modified_time\" content=\"2025-07-18T14:54:17+00:00\" \/>\n<meta property=\"og:image\" content=\"https:\/\/www.semlex.com\/wp-content\/uploads\/2023\/10\/semlex-artci-cote-divoire-1024x678.png\" \/>\n\t<meta property=\"og:image:width\" content=\"1024\" \/>\n\t<meta property=\"og:image:height\" content=\"678\" \/>\n\t<meta property=\"og:image:type\" content=\"image\/png\" \/>\n<meta name=\"author\" content=\"Celine gomes\" \/>\n<meta name=\"twitter:card\" content=\"summary_large_image\" \/>\n<meta name=\"twitter:label1\" content=\"Escrito por\" \/>\n\t<meta name=\"twitter:data1\" content=\"Celine gomes\" \/>\n\t<meta name=\"twitter:label2\" content=\"Tiempo de lectura\" \/>\n\t<meta name=\"twitter:data2\" content=\"4 minutos\" \/>\n<script type=\"application\/ld+json\" class=\"yoast-schema-graph\">{\"@context\":\"https:\/\/schema.org\",\"@graph\":[{\"@type\":\"Article\",\"@id\":\"https:\/\/www.semlex.com\/es\/2023\/10\/16\/semlex-cote-divoire-a-latelier-de-reflexion-sur-la-protection-des-donnees-personnelles\/#article\",\"isPartOf\":{\"@id\":\"https:\/\/www.semlex.com\/es\/2023\/10\/16\/semlex-cote-divoire-a-latelier-de-reflexion-sur-la-protection-des-donnees-personnelles\/\"},\"author\":{\"name\":\"Celine gomes\",\"@id\":\"https:\/\/www.semlex.com\/#\/schema\/person\/aa147ec84ea1317159ed8eed8c4aea71\"},\"headline\":\"Taller de reflexi\u00f3n sobre la protecci\u00f3n de datos personales\",\"datePublished\":\"2023-10-16T09:52:18+00:00\",\"dateModified\":\"2025-07-18T14:54:17+00:00\",\"mainEntityOfPage\":{\"@id\":\"https:\/\/www.semlex.com\/es\/2023\/10\/16\/semlex-cote-divoire-a-latelier-de-reflexion-sur-la-protection-des-donnees-personnelles\/\"},\"wordCount\":658,\"publisher\":{\"@id\":\"https:\/\/www.semlex.com\/#organization\"},\"image\":{\"@id\":\"https:\/\/www.semlex.com\/es\/2023\/10\/16\/semlex-cote-divoire-a-latelier-de-reflexion-sur-la-protection-des-donnees-personnelles\/#primaryimage\"},\"thumbnailUrl\":\"https:\/\/www.semlex.com\/wp-content\/uploads\/2023\/10\/semlex-artci-cote-divoire.png\",\"articleSection\":[\"Sin categorizar\"],\"inLanguage\":\"es\"},{\"@type\":\"WebPage\",\"@id\":\"https:\/\/www.semlex.com\/es\/2023\/10\/16\/semlex-cote-divoire-a-latelier-de-reflexion-sur-la-protection-des-donnees-personnelles\/\",\"url\":\"https:\/\/www.semlex.com\/es\/2023\/10\/16\/semlex-cote-divoire-a-latelier-de-reflexion-sur-la-protection-des-donnees-personnelles\/\",\"name\":\"Taller de reflexi\u00f3n sobre la protecci\u00f3n de datos personales - Semlex\",\"isPartOf\":{\"@id\":\"https:\/\/www.semlex.com\/#website\"},\"primaryImageOfPage\":{\"@id\":\"https:\/\/www.semlex.com\/es\/2023\/10\/16\/semlex-cote-divoire-a-latelier-de-reflexion-sur-la-protection-des-donnees-personnelles\/#primaryimage\"},\"image\":{\"@id\":\"https:\/\/www.semlex.com\/es\/2023\/10\/16\/semlex-cote-divoire-a-latelier-de-reflexion-sur-la-protection-des-donnees-personnelles\/#primaryimage\"},\"thumbnailUrl\":\"https:\/\/www.semlex.com\/wp-content\/uploads\/2023\/10\/semlex-artci-cote-divoire.png\",\"datePublished\":\"2023-10-16T09:52:18+00:00\",\"dateModified\":\"2025-07-18T14:54:17+00:00\",\"description\":\"Semlex Costa de Marfil tuvo recientemente el honor de participar en un taller de reflexi\u00f3n sobre la implementaci\u00f3n de la ley de protecci\u00f3n de datos personales en Costa de Marfil.\",\"breadcrumb\":{\"@id\":\"https:\/\/www.semlex.com\/es\/2023\/10\/16\/semlex-cote-divoire-a-latelier-de-reflexion-sur-la-protection-des-donnees-personnelles\/#breadcrumb\"},\"inLanguage\":\"es\",\"potentialAction\":[{\"@type\":\"ReadAction\",\"target\":[\"https:\/\/www.semlex.com\/es\/2023\/10\/16\/semlex-cote-divoire-a-latelier-de-reflexion-sur-la-protection-des-donnees-personnelles\/\"]}]},{\"@type\":\"ImageObject\",\"inLanguage\":\"es\",\"@id\":\"https:\/\/www.semlex.com\/es\/2023\/10\/16\/semlex-cote-divoire-a-latelier-de-reflexion-sur-la-protection-des-donnees-personnelles\/#primaryimage\",\"url\":\"https:\/\/www.semlex.com\/wp-content\/uploads\/2023\/10\/semlex-artci-cote-divoire.png\",\"contentUrl\":\"https:\/\/www.semlex.com\/wp-content\/uploads\/2023\/10\/semlex-artci-cote-divoire.png\",\"width\":2036,\"height\":1348},{\"@type\":\"BreadcrumbList\",\"@id\":\"https:\/\/www.semlex.com\/es\/2023\/10\/16\/semlex-cote-divoire-a-latelier-de-reflexion-sur-la-protection-des-donnees-personnelles\/#breadcrumb\",\"itemListElement\":[{\"@type\":\"ListItem\",\"position\":1,\"name\":\"Home\",\"item\":\"https:\/\/www.semlex.com\/es\/\"},{\"@type\":\"ListItem\",\"position\":2,\"name\":\"Taller de reflexi\u00f3n sobre la protecci\u00f3n de datos personales\"}]},{\"@type\":\"WebSite\",\"@id\":\"https:\/\/www.semlex.com\/#website\",\"url\":\"https:\/\/www.semlex.com\/\",\"name\":\"Semlex\",\"description\":\"For a secure world\",\"publisher\":{\"@id\":\"https:\/\/www.semlex.com\/#organization\"},\"potentialAction\":[{\"@type\":\"SearchAction\",\"target\":{\"@type\":\"EntryPoint\",\"urlTemplate\":\"https:\/\/www.semlex.com\/?s={search_term_string}\"},\"query-input\":{\"@type\":\"PropertyValueSpecification\",\"valueRequired\":true,\"valueName\":\"search_term_string\"}}],\"inLanguage\":\"es\"},{\"@type\":\"Organization\",\"@id\":\"https:\/\/www.semlex.com\/#organization\",\"name\":\"Semlex\",\"url\":\"https:\/\/www.semlex.com\/\",\"logo\":{\"@type\":\"ImageObject\",\"inLanguage\":\"es\",\"@id\":\"https:\/\/www.semlex.com\/#\/schema\/logo\/image\/\",\"url\":\"https:\/\/www.semlex.com\/wp-content\/uploads\/2022\/12\/logo_semlex.svg\",\"contentUrl\":\"https:\/\/www.semlex.com\/wp-content\/uploads\/2022\/12\/logo_semlex.svg\",\"caption\":\"Semlex\"},\"image\":{\"@id\":\"https:\/\/www.semlex.com\/#\/schema\/logo\/image\/\"},\"sameAs\":[\"https:\/\/www.facebook.com\/semlexgroup\"]},{\"@type\":\"Person\",\"@id\":\"https:\/\/www.semlex.com\/#\/schema\/person\/aa147ec84ea1317159ed8eed8c4aea71\",\"name\":\"Celine gomes\",\"image\":{\"@type\":\"ImageObject\",\"inLanguage\":\"es\",\"@id\":\"https:\/\/www.semlex.com\/#\/schema\/person\/image\/\",\"url\":\"https:\/\/secure.gravatar.com\/avatar\/e53ef5ca3abb15d8cc8e238877c76a94a34e1dca1a8bde08bc1088f71d7553f0?s=96&d=mm&r=g\",\"contentUrl\":\"https:\/\/secure.gravatar.com\/avatar\/e53ef5ca3abb15d8cc8e238877c76a94a34e1dca1a8bde08bc1088f71d7553f0?s=96&d=mm&r=g\",\"caption\":\"Celine gomes\"},\"url\":\"https:\/\/www.semlex.com\/es\/author\/c-gomes\/\"}]}<\/script>\n<!-- \/ Yoast SEO plugin. -->","yoast_head_json":{"title":"Taller de reflexi\u00f3n sobre la protecci\u00f3n de datos personales - Semlex","description":"Semlex Costa de Marfil tuvo recientemente el honor de participar en un taller de reflexi\u00f3n sobre la implementaci\u00f3n de la ley de protecci\u00f3n de datos personales en Costa de Marfil.","robots":{"index":"index","follow":"follow","max-snippet":"max-snippet:-1","max-image-preview":"max-image-preview:large","max-video-preview":"max-video-preview:-1"},"canonical":"https:\/\/www.semlex.com\/es\/2023\/10\/16\/semlex-cote-divoire-a-latelier-de-reflexion-sur-la-protection-des-donnees-personnelles\/","og_locale":"es_ES","og_type":"article","og_title":"Taller de reflexi\u00f3n sobre la protecci\u00f3n de datos personales - Semlex","og_description":"Semlex Costa de Marfil tuvo recientemente el honor de participar en un taller de reflexi\u00f3n sobre la implementaci\u00f3n de la ley de protecci\u00f3n de datos personales en Costa de Marfil.","og_url":"https:\/\/www.semlex.com\/es\/2023\/10\/16\/semlex-cote-divoire-a-latelier-de-reflexion-sur-la-protection-des-donnees-personnelles\/","og_site_name":"Semlex","article_publisher":"https:\/\/www.facebook.com\/semlexgroup","article_published_time":"2023-10-16T09:52:18+00:00","article_modified_time":"2025-07-18T14:54:17+00:00","og_image":[{"width":1024,"height":678,"url":"https:\/\/www.semlex.com\/wp-content\/uploads\/2023\/10\/semlex-artci-cote-divoire-1024x678.png","type":"image\/png"}],"author":"Celine gomes","twitter_card":"summary_large_image","twitter_misc":{"Escrito por":"Celine gomes","Tiempo de lectura":"4 minutos"},"schema":{"@context":"https:\/\/schema.org","@graph":[{"@type":"Article","@id":"https:\/\/www.semlex.com\/es\/2023\/10\/16\/semlex-cote-divoire-a-latelier-de-reflexion-sur-la-protection-des-donnees-personnelles\/#article","isPartOf":{"@id":"https:\/\/www.semlex.com\/es\/2023\/10\/16\/semlex-cote-divoire-a-latelier-de-reflexion-sur-la-protection-des-donnees-personnelles\/"},"author":{"name":"Celine gomes","@id":"https:\/\/www.semlex.com\/#\/schema\/person\/aa147ec84ea1317159ed8eed8c4aea71"},"headline":"Taller de reflexi\u00f3n sobre la protecci\u00f3n de datos personales","datePublished":"2023-10-16T09:52:18+00:00","dateModified":"2025-07-18T14:54:17+00:00","mainEntityOfPage":{"@id":"https:\/\/www.semlex.com\/es\/2023\/10\/16\/semlex-cote-divoire-a-latelier-de-reflexion-sur-la-protection-des-donnees-personnelles\/"},"wordCount":658,"publisher":{"@id":"https:\/\/www.semlex.com\/#organization"},"image":{"@id":"https:\/\/www.semlex.com\/es\/2023\/10\/16\/semlex-cote-divoire-a-latelier-de-reflexion-sur-la-protection-des-donnees-personnelles\/#primaryimage"},"thumbnailUrl":"https:\/\/www.semlex.com\/wp-content\/uploads\/2023\/10\/semlex-artci-cote-divoire.png","articleSection":["Sin categorizar"],"inLanguage":"es"},{"@type":"WebPage","@id":"https:\/\/www.semlex.com\/es\/2023\/10\/16\/semlex-cote-divoire-a-latelier-de-reflexion-sur-la-protection-des-donnees-personnelles\/","url":"https:\/\/www.semlex.com\/es\/2023\/10\/16\/semlex-cote-divoire-a-latelier-de-reflexion-sur-la-protection-des-donnees-personnelles\/","name":"Taller de reflexi\u00f3n sobre la protecci\u00f3n de datos personales - Semlex","isPartOf":{"@id":"https:\/\/www.semlex.com\/#website"},"primaryImageOfPage":{"@id":"https:\/\/www.semlex.com\/es\/2023\/10\/16\/semlex-cote-divoire-a-latelier-de-reflexion-sur-la-protection-des-donnees-personnelles\/#primaryimage"},"image":{"@id":"https:\/\/www.semlex.com\/es\/2023\/10\/16\/semlex-cote-divoire-a-latelier-de-reflexion-sur-la-protection-des-donnees-personnelles\/#primaryimage"},"thumbnailUrl":"https:\/\/www.semlex.com\/wp-content\/uploads\/2023\/10\/semlex-artci-cote-divoire.png","datePublished":"2023-10-16T09:52:18+00:00","dateModified":"2025-07-18T14:54:17+00:00","description":"Semlex Costa de Marfil tuvo recientemente el honor de participar en un taller de reflexi\u00f3n sobre la implementaci\u00f3n de la ley de protecci\u00f3n de datos personales en Costa de Marfil.","breadcrumb":{"@id":"https:\/\/www.semlex.com\/es\/2023\/10\/16\/semlex-cote-divoire-a-latelier-de-reflexion-sur-la-protection-des-donnees-personnelles\/#breadcrumb"},"inLanguage":"es","potentialAction":[{"@type":"ReadAction","target":["https:\/\/www.semlex.com\/es\/2023\/10\/16\/semlex-cote-divoire-a-latelier-de-reflexion-sur-la-protection-des-donnees-personnelles\/"]}]},{"@type":"ImageObject","inLanguage":"es","@id":"https:\/\/www.semlex.com\/es\/2023\/10\/16\/semlex-cote-divoire-a-latelier-de-reflexion-sur-la-protection-des-donnees-personnelles\/#primaryimage","url":"https:\/\/www.semlex.com\/wp-content\/uploads\/2023\/10\/semlex-artci-cote-divoire.png","contentUrl":"https:\/\/www.semlex.com\/wp-content\/uploads\/2023\/10\/semlex-artci-cote-divoire.png","width":2036,"height":1348},{"@type":"BreadcrumbList","@id":"https:\/\/www.semlex.com\/es\/2023\/10\/16\/semlex-cote-divoire-a-latelier-de-reflexion-sur-la-protection-des-donnees-personnelles\/#breadcrumb","itemListElement":[{"@type":"ListItem","position":1,"name":"Home","item":"https:\/\/www.semlex.com\/es\/"},{"@type":"ListItem","position":2,"name":"Taller de reflexi\u00f3n sobre la protecci\u00f3n de datos personales"}]},{"@type":"WebSite","@id":"https:\/\/www.semlex.com\/#website","url":"https:\/\/www.semlex.com\/","name":"Semlex","description":"For a secure world","publisher":{"@id":"https:\/\/www.semlex.com\/#organization"},"potentialAction":[{"@type":"SearchAction","target":{"@type":"EntryPoint","urlTemplate":"https:\/\/www.semlex.com\/?s={search_term_string}"},"query-input":{"@type":"PropertyValueSpecification","valueRequired":true,"valueName":"search_term_string"}}],"inLanguage":"es"},{"@type":"Organization","@id":"https:\/\/www.semlex.com\/#organization","name":"Semlex","url":"https:\/\/www.semlex.com\/","logo":{"@type":"ImageObject","inLanguage":"es","@id":"https:\/\/www.semlex.com\/#\/schema\/logo\/image\/","url":"https:\/\/www.semlex.com\/wp-content\/uploads\/2022\/12\/logo_semlex.svg","contentUrl":"https:\/\/www.semlex.com\/wp-content\/uploads\/2022\/12\/logo_semlex.svg","caption":"Semlex"},"image":{"@id":"https:\/\/www.semlex.com\/#\/schema\/logo\/image\/"},"sameAs":["https:\/\/www.facebook.com\/semlexgroup"]},{"@type":"Person","@id":"https:\/\/www.semlex.com\/#\/schema\/person\/aa147ec84ea1317159ed8eed8c4aea71","name":"Celine gomes","image":{"@type":"ImageObject","inLanguage":"es","@id":"https:\/\/www.semlex.com\/#\/schema\/person\/image\/","url":"https:\/\/secure.gravatar.com\/avatar\/e53ef5ca3abb15d8cc8e238877c76a94a34e1dca1a8bde08bc1088f71d7553f0?s=96&d=mm&r=g","contentUrl":"https:\/\/secure.gravatar.com\/avatar\/e53ef5ca3abb15d8cc8e238877c76a94a34e1dca1a8bde08bc1088f71d7553f0?s=96&d=mm&r=g","caption":"Celine gomes"},"url":"https:\/\/www.semlex.com\/es\/author\/c-gomes\/"}]}},"_links":{"self":[{"href":"https:\/\/www.semlex.com\/es\/wp-json\/wp\/v2\/posts\/14602","targetHints":{"allow":["GET"]}}],"collection":[{"href":"https:\/\/www.semlex.com\/es\/wp-json\/wp\/v2\/posts"}],"about":[{"href":"https:\/\/www.semlex.com\/es\/wp-json\/wp\/v2\/types\/post"}],"author":[{"embeddable":true,"href":"https:\/\/www.semlex.com\/es\/wp-json\/wp\/v2\/users\/3"}],"replies":[{"embeddable":true,"href":"https:\/\/www.semlex.com\/es\/wp-json\/wp\/v2\/comments?post=14602"}],"version-history":[{"count":2,"href":"https:\/\/www.semlex.com\/es\/wp-json\/wp\/v2\/posts\/14602\/revisions"}],"predecessor-version":[{"id":14718,"href":"https:\/\/www.semlex.com\/es\/wp-json\/wp\/v2\/posts\/14602\/revisions\/14718"}],"wp:featuredmedia":[{"embeddable":true,"href":"https:\/\/www.semlex.com\/es\/wp-json\/wp\/v2\/media\/14597"}],"wp:attachment":[{"href":"https:\/\/www.semlex.com\/es\/wp-json\/wp\/v2\/media?parent=14602"}],"wp:term":[{"taxonomy":"category","embeddable":true,"href":"https:\/\/www.semlex.com\/es\/wp-json\/wp\/v2\/categories?post=14602"},{"taxonomy":"post_tag","embeddable":true,"href":"https:\/\/www.semlex.com\/es\/wp-json\/wp\/v2\/tags?post=14602"}],"curies":[{"name":"wp","href":"https:\/\/api.w.org\/{rel}","templated":true}]}}