{"id":3697,"date":"2022-02-14T08:32:34","date_gmt":"2022-02-14T07:32:34","guid":{"rendered":"https:\/\/www.semlex.com\/2022\/02\/14\/semlex-ivory-coast-first-edition-of-the-safety-awards\/"},"modified":"2025-09-01T15:03:18","modified_gmt":"2025-09-01T13:03:18","slug":"semlex-ivory-coast-first-edition-of-the-safety-awards","status":"publish","type":"post","link":"https:\/\/www.semlex.com\/en\/2022\/02\/14\/semlex-ivory-coast-first-edition-of-the-safety-awards\/","title":{"rendered":"Semlex Ivory Coast: First edition of the Safety Awards"},"content":{"rendered":"\n<p>On January 28, 2022, Semlex celebrated World Data Privacy Day.<\/p>\n\n\n\n<p>On this occasion, we wanted to share the 1<sup>st<\/sup> edition of the Safety Awards organized on December 17, 2021, in Abidjan by Semlex Ivory Coast. The main objective of this event was to make Semlex CI employees aware of safety and to thank those who, during the year 2021, distinguished themselves positively on the subject.<\/p>\n\n\n\n<p>According to a study by CESIA (Africa Information Security Experts Club), &#8220;Awareness and training of employees remain the first line of defense in the fight against cybercrime&#8221; [1].<\/p>\n\n\n\n<p>As Semlex CI&#8217;s Security Manager, Anicet Etin, explains, &#8220;Our mission is to define a security policy, to follow it and to put in place a whole system in order to secure our information system.&#8221;<\/p>\n\n\n\n<p>During this ceremony, several prizes were awarded:<\/p>\n\n\n\n<ul class=\"wp-block-list\">\n<li><strong>AWARENESS HERO 2021<\/strong>: the prize for the employee who has participated in all security awareness sessions;<\/li>\n\n\n\n<li><strong>PHISHING CHAMPION 2021<\/strong>: the prize for the employee who never clicked on a phishing test email;<\/li>\n\n\n\n<li><strong>MALICIOUS EMAIL REPORT 2021<\/strong>: the price of the employee who reports the malicious email (spam, phishing, etc.) or suspicious activities on his PC;<\/li>\n\n\n\n<li><strong>SECURE SUPPORT 2021<\/strong>: the award for the employee who resolved security-related incidents and complied with SLAs;<\/li>\n\n\n\n<li><strong>PATCH MANAGEMENT 2021<\/strong>: the price of the employee who has carried out the corrective actions of the internal audits in accordance with the timetable;<\/li>\n\n\n\n<li><strong>BEST AWARENESS SERVICE 2021<\/strong>: the award for the service having a high percentage of participants in IS security awareness sessions;<\/li>\n\n\n\n<li><strong>SECURITY ADMINISTRATOR 2021<\/strong>: the award for the employee who has implemented security controls in their daily activities;<\/li>\n\n\n\n<li><strong>SAFETY AMBASSADOR 2021<\/strong>: the award for the employee who promotes safety in the company;<\/li>\n\n\n\n<li><strong>MISS\/MISTER SECURITY 2021<\/strong>: the super prize for the employee with the highest rate of applicability of the security policy.<\/li>\n<\/ul>\n\n\n\n<p>Knowing that the human factor plays an important role in the prevention of risks related to computer security in company, the General Manager of Semlex Ivory Coast, Stanislas Le Page, thanked and encouraged the staff to continue to be involved in data security management.<\/p>\n\n\n\n<p>Relive this moment through our pictures and video below:<\/p>\n\n\n\n<figure class=\"wp-block-gallery has-nested-images columns-default is-cropped wp-block-gallery-1 is-layout-flex wp-block-gallery-is-layout-flex\">\n<figure class=\"wp-block-image\"><a href=\"https:\/\/www.semlex.com\/wp-content\/uploads\/2022\/12\/Semlex_Semlex-Cote-dIvoire_Securite2.png\"><img decoding=\"async\" data-id=\"7989\" src=\"https:\/\/www.semlex.com\/wp-content\/uploads\/2022\/12\/Semlex_Semlex-Cote-dIvoire_Securite2-300x200.png\" alt=\"\" class=\"wp-image-7989\"\/><\/a><\/figure>\n\n\n\n<figure class=\"wp-block-image\"><a href=\"https:\/\/www.semlex.com\/wp-content\/uploads\/2022\/12\/Semlex_Semlex-Cote-dIvoire_Securite5.png\"><img decoding=\"async\" data-id=\"8007\" src=\"https:\/\/www.semlex.com\/wp-content\/uploads\/2022\/12\/Semlex_Semlex-Cote-dIvoire_Securite5-300x200.png\" alt=\"\" class=\"wp-image-8007\"\/><\/a><\/figure>\n\n\n\n<figure class=\"wp-block-image\"><a href=\"https:\/\/www.semlex.com\/wp-content\/uploads\/2022\/12\/Semlex_Semlex-Cote-dIvoire_Securite3.png\"><img decoding=\"async\" data-id=\"7995\" src=\"https:\/\/www.semlex.com\/wp-content\/uploads\/2022\/12\/Semlex_Semlex-Cote-dIvoire_Securite3-300x199.png\" alt=\"\" class=\"wp-image-7995\"\/><\/a><\/figure>\n<\/figure>\n\n\n\n<figure class=\"wp-block-embed is-type-video is-provider-youtube wp-block-embed-youtube wp-embed-aspect-16-9 wp-has-aspect-ratio\"><div class=\"wp-block-embed__wrapper\">\n<iframe loading=\"lazy\" title=\"Semlex C\u00f4te d\u2019Ivoire : Premi\u00e8re \u00e9dition des Awards de la S\u00e9curit\u00e9\" width=\"500\" height=\"281\" src=\"https:\/\/www.youtube.com\/embed\/HWfMdtvxCT8?feature=oembed\" frameborder=\"0\" allow=\"accelerometer; autoplay; clipboard-write; encrypted-media; gyroscope; picture-in-picture; web-share\" referrerpolicy=\"strict-origin-when-cross-origin\" allowfullscreen><\/iframe>\n<\/div><\/figure>\n\n\n\n<p><strong>Source<\/strong>&nbsp;:<\/p>\n\n\n\n<p>[1] CESIA (2021). <em>Barom\u00e8tre de la cybers\u00e9curit\u00e9 en Afrique<\/em>. Available <a href=\"https:\/\/lecesia.com\/wp-content\/uploads\/2021\/02\/BAROMETRE-DE-LA-CYBERSECURITE-EN-AFRIQUE-2021.pdf\">HERE<\/a><\/p>\n","protected":false},"excerpt":{"rendered":"<p>On January 28, 2022, Semlex celebrated World Data Privacy Day. On this occasion, we wanted to share the 1st edition of the Safety Awards organized on December 17, 2021, in Abidjan by Semlex Ivory Coast. The main objective of this event was to make Semlex CI employees aware of safety and to thank those who, [&hellip;]<\/p>\n","protected":false},"author":4,"featured_media":909,"comment_status":"closed","ping_status":"open","sticky":false,"template":"","format":"standard","meta":{"_acf_changed":false,"footnotes":""},"categories":[1],"tags":[],"class_list":["post-3697","post","type-post","status-publish","format-standard","has-post-thumbnail","hentry","category-non-classifiee"],"acf":[],"yoast_head":"<!-- This site is optimized with the Yoast SEO plugin v25.5 - https:\/\/yoast.com\/wordpress\/plugins\/seo\/ -->\n<title>Semlex Ivory Coast: First edition of the Safety Awards - Semlex<\/title>\n<meta name=\"description\" content=\"On January 28, 2022, Semlex celebrated World Data Privacy Day.\" \/>\n<meta name=\"robots\" content=\"index, follow, max-snippet:-1, max-image-preview:large, max-video-preview:-1\" \/>\n<link rel=\"canonical\" href=\"https:\/\/www.semlex.com\/en\/2022\/02\/14\/semlex-ivory-coast-first-edition-of-the-safety-awards\/\" \/>\n<meta property=\"og:locale\" content=\"en_US\" \/>\n<meta property=\"og:type\" content=\"article\" \/>\n<meta property=\"og:title\" content=\"Semlex Ivory Coast: First edition of the Safety Awards - Semlex\" \/>\n<meta property=\"og:description\" content=\"On January 28, 2022, Semlex celebrated World Data Privacy Day.\" \/>\n<meta property=\"og:url\" content=\"https:\/\/www.semlex.com\/en\/2022\/02\/14\/semlex-ivory-coast-first-edition-of-the-safety-awards\/\" \/>\n<meta property=\"og:site_name\" content=\"Semlex\" \/>\n<meta property=\"article:publisher\" content=\"https:\/\/www.facebook.com\/semlexgroup\" \/>\n<meta property=\"article:published_time\" content=\"2022-02-14T07:32:34+00:00\" \/>\n<meta property=\"article:modified_time\" content=\"2025-09-01T13:03:18+00:00\" \/>\n<meta property=\"og:image\" content=\"https:\/\/www.semlex.com\/wp-content\/uploads\/2022\/12\/Semlex_Semlex-Cote-dIvoire_Securite1-1024x682.png\" \/>\n\t<meta property=\"og:image:width\" content=\"1024\" \/>\n\t<meta property=\"og:image:height\" content=\"682\" \/>\n\t<meta property=\"og:image:type\" content=\"image\/png\" \/>\n<meta name=\"author\" content=\"Adrien Paelinck\" \/>\n<meta name=\"twitter:card\" content=\"summary_large_image\" \/>\n<meta name=\"twitter:label1\" content=\"Written by\" \/>\n\t<meta name=\"twitter:data1\" content=\"Adrien Paelinck\" \/>\n\t<meta name=\"twitter:label2\" content=\"Est. reading time\" \/>\n\t<meta name=\"twitter:data2\" content=\"3 minutes\" \/>\n<script type=\"application\/ld+json\" class=\"yoast-schema-graph\">{\"@context\":\"https:\/\/schema.org\",\"@graph\":[{\"@type\":\"Article\",\"@id\":\"https:\/\/www.semlex.com\/en\/2022\/02\/14\/semlex-ivory-coast-first-edition-of-the-safety-awards\/#article\",\"isPartOf\":{\"@id\":\"https:\/\/www.semlex.com\/en\/2022\/02\/14\/semlex-ivory-coast-first-edition-of-the-safety-awards\/\"},\"author\":{\"name\":\"Adrien Paelinck\",\"@id\":\"https:\/\/www.semlex.com\/#\/schema\/person\/689ee83f15aaad1a04f256511b718410\"},\"headline\":\"Semlex Ivory Coast: First edition of the Safety Awards\",\"datePublished\":\"2022-02-14T07:32:34+00:00\",\"dateModified\":\"2025-09-01T13:03:18+00:00\",\"mainEntityOfPage\":{\"@id\":\"https:\/\/www.semlex.com\/en\/2022\/02\/14\/semlex-ivory-coast-first-edition-of-the-safety-awards\/\"},\"wordCount\":365,\"publisher\":{\"@id\":\"https:\/\/www.semlex.com\/#organization\"},\"image\":{\"@id\":\"https:\/\/www.semlex.com\/en\/2022\/02\/14\/semlex-ivory-coast-first-edition-of-the-safety-awards\/#primaryimage\"},\"thumbnailUrl\":\"https:\/\/www.semlex.com\/wp-content\/uploads\/2022\/12\/Semlex_Semlex-Cote-dIvoire_Securite1.png\",\"articleSection\":[\"Non classifi\u00e9(e)\"],\"inLanguage\":\"en-US\"},{\"@type\":\"WebPage\",\"@id\":\"https:\/\/www.semlex.com\/en\/2022\/02\/14\/semlex-ivory-coast-first-edition-of-the-safety-awards\/\",\"url\":\"https:\/\/www.semlex.com\/en\/2022\/02\/14\/semlex-ivory-coast-first-edition-of-the-safety-awards\/\",\"name\":\"Semlex Ivory Coast: First edition of the Safety Awards - Semlex\",\"isPartOf\":{\"@id\":\"https:\/\/www.semlex.com\/#website\"},\"primaryImageOfPage\":{\"@id\":\"https:\/\/www.semlex.com\/en\/2022\/02\/14\/semlex-ivory-coast-first-edition-of-the-safety-awards\/#primaryimage\"},\"image\":{\"@id\":\"https:\/\/www.semlex.com\/en\/2022\/02\/14\/semlex-ivory-coast-first-edition-of-the-safety-awards\/#primaryimage\"},\"thumbnailUrl\":\"https:\/\/www.semlex.com\/wp-content\/uploads\/2022\/12\/Semlex_Semlex-Cote-dIvoire_Securite1.png\",\"datePublished\":\"2022-02-14T07:32:34+00:00\",\"dateModified\":\"2025-09-01T13:03:18+00:00\",\"description\":\"On January 28, 2022, Semlex celebrated World Data Privacy Day.\",\"breadcrumb\":{\"@id\":\"https:\/\/www.semlex.com\/en\/2022\/02\/14\/semlex-ivory-coast-first-edition-of-the-safety-awards\/#breadcrumb\"},\"inLanguage\":\"en-US\",\"potentialAction\":[{\"@type\":\"ReadAction\",\"target\":[\"https:\/\/www.semlex.com\/en\/2022\/02\/14\/semlex-ivory-coast-first-edition-of-the-safety-awards\/\"]}]},{\"@type\":\"ImageObject\",\"inLanguage\":\"en-US\",\"@id\":\"https:\/\/www.semlex.com\/en\/2022\/02\/14\/semlex-ivory-coast-first-edition-of-the-safety-awards\/#primaryimage\",\"url\":\"https:\/\/www.semlex.com\/wp-content\/uploads\/2022\/12\/Semlex_Semlex-Cote-dIvoire_Securite1.png\",\"contentUrl\":\"https:\/\/www.semlex.com\/wp-content\/uploads\/2022\/12\/Semlex_Semlex-Cote-dIvoire_Securite1.png\",\"width\":1930,\"height\":1286},{\"@type\":\"BreadcrumbList\",\"@id\":\"https:\/\/www.semlex.com\/en\/2022\/02\/14\/semlex-ivory-coast-first-edition-of-the-safety-awards\/#breadcrumb\",\"itemListElement\":[{\"@type\":\"ListItem\",\"position\":1,\"name\":\"Home\",\"item\":\"https:\/\/www.semlex.com\/en\/\"},{\"@type\":\"ListItem\",\"position\":2,\"name\":\"Semlex Ivory Coast: First edition of the Safety Awards\"}]},{\"@type\":\"WebSite\",\"@id\":\"https:\/\/www.semlex.com\/#website\",\"url\":\"https:\/\/www.semlex.com\/\",\"name\":\"Semlex\",\"description\":\"For a secure world\",\"publisher\":{\"@id\":\"https:\/\/www.semlex.com\/#organization\"},\"potentialAction\":[{\"@type\":\"SearchAction\",\"target\":{\"@type\":\"EntryPoint\",\"urlTemplate\":\"https:\/\/www.semlex.com\/?s={search_term_string}\"},\"query-input\":{\"@type\":\"PropertyValueSpecification\",\"valueRequired\":true,\"valueName\":\"search_term_string\"}}],\"inLanguage\":\"en-US\"},{\"@type\":\"Organization\",\"@id\":\"https:\/\/www.semlex.com\/#organization\",\"name\":\"Semlex\",\"url\":\"https:\/\/www.semlex.com\/\",\"logo\":{\"@type\":\"ImageObject\",\"inLanguage\":\"en-US\",\"@id\":\"https:\/\/www.semlex.com\/#\/schema\/logo\/image\/\",\"url\":\"https:\/\/www.semlex.com\/wp-content\/uploads\/2022\/12\/logo_semlex.svg\",\"contentUrl\":\"https:\/\/www.semlex.com\/wp-content\/uploads\/2022\/12\/logo_semlex.svg\",\"caption\":\"Semlex\"},\"image\":{\"@id\":\"https:\/\/www.semlex.com\/#\/schema\/logo\/image\/\"},\"sameAs\":[\"https:\/\/www.facebook.com\/semlexgroup\"]},{\"@type\":\"Person\",\"@id\":\"https:\/\/www.semlex.com\/#\/schema\/person\/689ee83f15aaad1a04f256511b718410\",\"name\":\"Adrien Paelinck\",\"image\":{\"@type\":\"ImageObject\",\"inLanguage\":\"en-US\",\"@id\":\"https:\/\/www.semlex.com\/#\/schema\/person\/image\/\",\"url\":\"https:\/\/secure.gravatar.com\/avatar\/bb03ec4bbe24372e845745a010e39dc94d3d20e6485179e7955cc29dc7c5e66e?s=96&d=mm&r=g\",\"contentUrl\":\"https:\/\/secure.gravatar.com\/avatar\/bb03ec4bbe24372e845745a010e39dc94d3d20e6485179e7955cc29dc7c5e66e?s=96&d=mm&r=g\",\"caption\":\"Adrien Paelinck\"},\"url\":\"https:\/\/www.semlex.com\/en\/author\/a-paelinck\/\"}]}<\/script>\n<!-- \/ Yoast SEO plugin. -->","yoast_head_json":{"title":"Semlex Ivory Coast: First edition of the Safety Awards - Semlex","description":"On January 28, 2022, Semlex celebrated World Data Privacy Day.","robots":{"index":"index","follow":"follow","max-snippet":"max-snippet:-1","max-image-preview":"max-image-preview:large","max-video-preview":"max-video-preview:-1"},"canonical":"https:\/\/www.semlex.com\/en\/2022\/02\/14\/semlex-ivory-coast-first-edition-of-the-safety-awards\/","og_locale":"en_US","og_type":"article","og_title":"Semlex Ivory Coast: First edition of the Safety Awards - Semlex","og_description":"On January 28, 2022, Semlex celebrated World Data Privacy Day.","og_url":"https:\/\/www.semlex.com\/en\/2022\/02\/14\/semlex-ivory-coast-first-edition-of-the-safety-awards\/","og_site_name":"Semlex","article_publisher":"https:\/\/www.facebook.com\/semlexgroup","article_published_time":"2022-02-14T07:32:34+00:00","article_modified_time":"2025-09-01T13:03:18+00:00","og_image":[{"width":1024,"height":682,"url":"https:\/\/www.semlex.com\/wp-content\/uploads\/2022\/12\/Semlex_Semlex-Cote-dIvoire_Securite1-1024x682.png","type":"image\/png"}],"author":"Adrien Paelinck","twitter_card":"summary_large_image","twitter_misc":{"Written by":"Adrien Paelinck","Est. reading time":"3 minutes"},"schema":{"@context":"https:\/\/schema.org","@graph":[{"@type":"Article","@id":"https:\/\/www.semlex.com\/en\/2022\/02\/14\/semlex-ivory-coast-first-edition-of-the-safety-awards\/#article","isPartOf":{"@id":"https:\/\/www.semlex.com\/en\/2022\/02\/14\/semlex-ivory-coast-first-edition-of-the-safety-awards\/"},"author":{"name":"Adrien Paelinck","@id":"https:\/\/www.semlex.com\/#\/schema\/person\/689ee83f15aaad1a04f256511b718410"},"headline":"Semlex Ivory Coast: First edition of the Safety Awards","datePublished":"2022-02-14T07:32:34+00:00","dateModified":"2025-09-01T13:03:18+00:00","mainEntityOfPage":{"@id":"https:\/\/www.semlex.com\/en\/2022\/02\/14\/semlex-ivory-coast-first-edition-of-the-safety-awards\/"},"wordCount":365,"publisher":{"@id":"https:\/\/www.semlex.com\/#organization"},"image":{"@id":"https:\/\/www.semlex.com\/en\/2022\/02\/14\/semlex-ivory-coast-first-edition-of-the-safety-awards\/#primaryimage"},"thumbnailUrl":"https:\/\/www.semlex.com\/wp-content\/uploads\/2022\/12\/Semlex_Semlex-Cote-dIvoire_Securite1.png","articleSection":["Non classifi\u00e9(e)"],"inLanguage":"en-US"},{"@type":"WebPage","@id":"https:\/\/www.semlex.com\/en\/2022\/02\/14\/semlex-ivory-coast-first-edition-of-the-safety-awards\/","url":"https:\/\/www.semlex.com\/en\/2022\/02\/14\/semlex-ivory-coast-first-edition-of-the-safety-awards\/","name":"Semlex Ivory Coast: First edition of the Safety Awards - Semlex","isPartOf":{"@id":"https:\/\/www.semlex.com\/#website"},"primaryImageOfPage":{"@id":"https:\/\/www.semlex.com\/en\/2022\/02\/14\/semlex-ivory-coast-first-edition-of-the-safety-awards\/#primaryimage"},"image":{"@id":"https:\/\/www.semlex.com\/en\/2022\/02\/14\/semlex-ivory-coast-first-edition-of-the-safety-awards\/#primaryimage"},"thumbnailUrl":"https:\/\/www.semlex.com\/wp-content\/uploads\/2022\/12\/Semlex_Semlex-Cote-dIvoire_Securite1.png","datePublished":"2022-02-14T07:32:34+00:00","dateModified":"2025-09-01T13:03:18+00:00","description":"On January 28, 2022, Semlex celebrated World Data Privacy Day.","breadcrumb":{"@id":"https:\/\/www.semlex.com\/en\/2022\/02\/14\/semlex-ivory-coast-first-edition-of-the-safety-awards\/#breadcrumb"},"inLanguage":"en-US","potentialAction":[{"@type":"ReadAction","target":["https:\/\/www.semlex.com\/en\/2022\/02\/14\/semlex-ivory-coast-first-edition-of-the-safety-awards\/"]}]},{"@type":"ImageObject","inLanguage":"en-US","@id":"https:\/\/www.semlex.com\/en\/2022\/02\/14\/semlex-ivory-coast-first-edition-of-the-safety-awards\/#primaryimage","url":"https:\/\/www.semlex.com\/wp-content\/uploads\/2022\/12\/Semlex_Semlex-Cote-dIvoire_Securite1.png","contentUrl":"https:\/\/www.semlex.com\/wp-content\/uploads\/2022\/12\/Semlex_Semlex-Cote-dIvoire_Securite1.png","width":1930,"height":1286},{"@type":"BreadcrumbList","@id":"https:\/\/www.semlex.com\/en\/2022\/02\/14\/semlex-ivory-coast-first-edition-of-the-safety-awards\/#breadcrumb","itemListElement":[{"@type":"ListItem","position":1,"name":"Home","item":"https:\/\/www.semlex.com\/en\/"},{"@type":"ListItem","position":2,"name":"Semlex Ivory Coast: First edition of the Safety Awards"}]},{"@type":"WebSite","@id":"https:\/\/www.semlex.com\/#website","url":"https:\/\/www.semlex.com\/","name":"Semlex","description":"For a secure world","publisher":{"@id":"https:\/\/www.semlex.com\/#organization"},"potentialAction":[{"@type":"SearchAction","target":{"@type":"EntryPoint","urlTemplate":"https:\/\/www.semlex.com\/?s={search_term_string}"},"query-input":{"@type":"PropertyValueSpecification","valueRequired":true,"valueName":"search_term_string"}}],"inLanguage":"en-US"},{"@type":"Organization","@id":"https:\/\/www.semlex.com\/#organization","name":"Semlex","url":"https:\/\/www.semlex.com\/","logo":{"@type":"ImageObject","inLanguage":"en-US","@id":"https:\/\/www.semlex.com\/#\/schema\/logo\/image\/","url":"https:\/\/www.semlex.com\/wp-content\/uploads\/2022\/12\/logo_semlex.svg","contentUrl":"https:\/\/www.semlex.com\/wp-content\/uploads\/2022\/12\/logo_semlex.svg","caption":"Semlex"},"image":{"@id":"https:\/\/www.semlex.com\/#\/schema\/logo\/image\/"},"sameAs":["https:\/\/www.facebook.com\/semlexgroup"]},{"@type":"Person","@id":"https:\/\/www.semlex.com\/#\/schema\/person\/689ee83f15aaad1a04f256511b718410","name":"Adrien Paelinck","image":{"@type":"ImageObject","inLanguage":"en-US","@id":"https:\/\/www.semlex.com\/#\/schema\/person\/image\/","url":"https:\/\/secure.gravatar.com\/avatar\/bb03ec4bbe24372e845745a010e39dc94d3d20e6485179e7955cc29dc7c5e66e?s=96&d=mm&r=g","contentUrl":"https:\/\/secure.gravatar.com\/avatar\/bb03ec4bbe24372e845745a010e39dc94d3d20e6485179e7955cc29dc7c5e66e?s=96&d=mm&r=g","caption":"Adrien Paelinck"},"url":"https:\/\/www.semlex.com\/en\/author\/a-paelinck\/"}]}},"_links":{"self":[{"href":"https:\/\/www.semlex.com\/en\/wp-json\/wp\/v2\/posts\/3697","targetHints":{"allow":["GET"]}}],"collection":[{"href":"https:\/\/www.semlex.com\/en\/wp-json\/wp\/v2\/posts"}],"about":[{"href":"https:\/\/www.semlex.com\/en\/wp-json\/wp\/v2\/types\/post"}],"author":[{"embeddable":true,"href":"https:\/\/www.semlex.com\/en\/wp-json\/wp\/v2\/users\/4"}],"replies":[{"embeddable":true,"href":"https:\/\/www.semlex.com\/en\/wp-json\/wp\/v2\/comments?post=3697"}],"version-history":[{"count":3,"href":"https:\/\/www.semlex.com\/en\/wp-json\/wp\/v2\/posts\/3697\/revisions"}],"predecessor-version":[{"id":15357,"href":"https:\/\/www.semlex.com\/en\/wp-json\/wp\/v2\/posts\/3697\/revisions\/15357"}],"wp:featuredmedia":[{"embeddable":true,"href":"https:\/\/www.semlex.com\/en\/wp-json\/wp\/v2\/media\/909"}],"wp:attachment":[{"href":"https:\/\/www.semlex.com\/en\/wp-json\/wp\/v2\/media?parent=3697"}],"wp:term":[{"taxonomy":"category","embeddable":true,"href":"https:\/\/www.semlex.com\/en\/wp-json\/wp\/v2\/categories?post=3697"},{"taxonomy":"post_tag","embeddable":true,"href":"https:\/\/www.semlex.com\/en\/wp-json\/wp\/v2\/tags?post=3697"}],"curies":[{"name":"wp","href":"https:\/\/api.w.org\/{rel}","templated":true}]}}